{"id":1054,"date":"2024-09-20T17:21:34","date_gmt":"2024-09-20T15:21:34","guid":{"rendered":"http:\/\/jmj2023-morbihan.fr\/?p=1054"},"modified":"2024-09-27T11:30:02","modified_gmt":"2024-09-27T09:30:02","slug":"festival-ste-anne-et-jubile-a-rome-les-pre-incriptions-sont-ouvertes","status":"publish","type":"post","link":"https:\/\/jmj2023-morbihan.fr\/index.php\/2024\/09\/20\/festival-ste-anne-et-jubile-a-rome-les-pre-incriptions-sont-ouvertes\/","title":{"rendered":"Festival Ste Anne et jubil\u00e9 \u00e0 Rome : les pr\u00e9-incriptions sont ouvertes !"},"content":{"rendered":"\n<h4 class=\"wp-block-heading\"><mark style=\"background-color:rgba(0, 0, 0, 0)\" class=\"has-inline-color has-ast-global-color-0-color\">Que tu souhaites participer au Festival Sainte Anne, du 24 au 27 juillet 2025, ou\/et au jubil\u00e9 \u00e0 Rome, du 27 juillet au 3 ao\u00fbt, pr\u00e9-inscris-toi sur le formulaire en ligne, tu y trouveras toutes les formules propos\u00e9es : <\/mark><\/h4>\n\n\n\n<ul class=\"wp-block-list\">\n<li>La SAINTE ANNE du 24 au 27 juillet, pour les mineurs \u00e0 partir de 16 ans et les majeurs <\/li>\n\n\n\n<li>La MINI-SAINTE ANNE sur deux jours, pour les majeurs<\/li>\n\n\n\n<li>La COMPL\u00c8TE : Ste Anne + Rome, du 24 juillet au 3 ao\u00fbt, pour les majeurs<\/li>\n\n\n\n<li>La ROMAINE : Rome du 27 juillet au 3 ao\u00fbt, pour les majeurs<\/li>\n<\/ul>\n\n\n\n<p>Retrouves toutes les informations &gt;&gt;&gt;&gt;  <a href=\"https:\/\/form.jotform.com\/242604426148353\" target=\"_blank\" rel=\"noreferrer noopener\">dans le formulaire de pr\u00e9-inscription ICI<\/a> et pose tes questions dans l&rsquo;espace pr\u00e9vu en fin de page du formulaire.<\/p>\n\n\n\n<p><strong>Viens vivre des JMJ bretonnes, dans un village des jeunes, avec des conf\u00e9rences, concerts, jeux, animations, camping et restauration assur\u00e9s !<\/strong><\/p>\n\n\n\n<p><em>Pssst&#8230; La l\u00e9gende dit que si tu inscris 5 personnes tu auras le droit toi aussi \u00e0 ton heure de gloire&#8230; Laisse ton nom dans l&rsquo;espace \u00e0 questions !<\/em><\/p>\n\n\n\n<p>Suis le Festival Sainte Anne sur instagram <a href=\"https:\/\/www.instagram.com\/festivalsainteanne\/\" target=\"_blank\" rel=\"noreferrer noopener\">@festivalsainteanne<\/a>     &#8211;    Pour nous contacter : festivalsainteanne@diocese-vannes.fr<\/p>\n","protected":false},"excerpt":{"rendered":"<p>Que tu souhaites participer au Festival Sainte Anne, du 24 au 27 juillet 2025, ou\/et au jubil\u00e9 \u00e0 Rome, du 27 juillet au 3 ao\u00fbt, pr\u00e9-inscris-toi sur le formulaire en ligne, tu y trouveras toutes les formules propos\u00e9es : Retrouves toutes les informations &gt;&gt;&gt;&gt; dans le formulaire de pr\u00e9-inscription ICI et pose tes questions dans &hellip;<\/p>\n<p class=\"read-more\"> <a class=\"\" href=\"https:\/\/jmj2023-morbihan.fr\/index.php\/2024\/09\/20\/festival-ste-anne-et-jubile-a-rome-les-pre-incriptions-sont-ouvertes\/\"> <span class=\"screen-reader-text\">Festival Ste Anne et jubil\u00e9 \u00e0 Rome : les pr\u00e9-incriptions sont ouvertes !<\/span> Lire la suite\u00a0\u00bb<\/a><\/p>\n","protected":false},"author":2,"featured_media":1056,"comment_status":"closed","ping_status":"closed","sticky":false,"template":"","format":"standard","meta":{"site-sidebar-layout":"default","site-content-layout":"default","ast-global-header-display":"","ast-main-header-display":"","ast-hfb-above-header-display":"","ast-hfb-below-header-display":"","ast-hfb-mobile-header-display":"","site-post-title":"","ast-breadcrumbs-content":"","ast-featured-img":"","footer-sml-layout":"","theme-transparent-header-meta":"","adv-header-id-meta":"","stick-header-meta":"","header-above-stick-meta":"","header-main-stick-meta":"","header-below-stick-meta":"","footnotes":""},"categories":[5],"tags":[],"class_list":["post-1054","post","type-post","status-publish","format-standard","has-post-thumbnail","hentry","category-news"],"yoast_head":"<!-- This site is optimized with the Yoast SEO plugin v20.3 - https:\/\/yoast.com\/wordpress\/plugins\/seo\/ -->\n<title>Festival Ste Anne et jubil\u00e9 \u00e0 Rome : les pr\u00e9-incriptions sont ouvertes ! - JMJ 2023 LISBONNE : PARS AVEC LE MORBIHAN<\/title>\n<meta name=\"robots\" content=\"index, follow, max-snippet:-1, max-image-preview:large, max-video-preview:-1\" \/>\n<link rel=\"canonical\" href=\"https:\/\/jmj2023-morbihan.fr\/index.php\/2024\/09\/20\/festival-ste-anne-et-jubile-a-rome-les-pre-incriptions-sont-ouvertes\/\" \/>\n<meta property=\"og:locale\" content=\"fr_FR\" \/>\n<meta property=\"og:type\" content=\"article\" \/>\n<meta property=\"og:title\" content=\"Festival Ste Anne et jubil\u00e9 \u00e0 Rome : les pr\u00e9-incriptions sont ouvertes ! - JMJ 2023 LISBONNE : PARS AVEC LE MORBIHAN\" \/>\n<meta property=\"og:description\" content=\"Que tu souhaites participer au Festival Sainte Anne, du 24 au 27 juillet 2025, ou\/et au jubil\u00e9 \u00e0 Rome, du 27 juillet au 3 ao\u00fbt, pr\u00e9-inscris-toi sur le formulaire en ligne, tu y trouveras toutes les formules propos\u00e9es : Retrouves toutes les informations &gt;&gt;&gt;&gt; dans le formulaire de pr\u00e9-inscription ICI et pose tes questions dans &hellip; Festival Ste Anne et jubil\u00e9 \u00e0 Rome : les pr\u00e9-incriptions sont ouvertes ! Lire la suite\u00a0\u00bb\" \/>\n<meta property=\"og:url\" content=\"https:\/\/jmj2023-morbihan.fr\/index.php\/2024\/09\/20\/festival-ste-anne-et-jubile-a-rome-les-pre-incriptions-sont-ouvertes\/\" \/>\n<meta property=\"og:site_name\" content=\"JMJ 2023 LISBONNE : PARS AVEC LE MORBIHAN\" \/>\n<meta property=\"article:publisher\" content=\"https:\/\/www.facebook.com\/jmj2023morbihan\" \/>\n<meta property=\"article:published_time\" content=\"2024-09-20T15:21:34+00:00\" \/>\n<meta property=\"article:modified_time\" content=\"2024-09-27T09:30:02+00:00\" \/>\n<meta property=\"og:image\" content=\"https:\/\/jmj2023-morbihan.fr\/wp-content\/uploads\/2024\/09\/Visuel-Festival-Ste-Anne.jpg\" \/>\n\t<meta property=\"og:image:width\" content=\"820\" \/>\n\t<meta property=\"og:image:height\" content=\"824\" \/>\n\t<meta property=\"og:image:type\" content=\"image\/jpeg\" \/>\n<meta name=\"author\" content=\"\u00c9quipe com&#039; JMJ Morbihan\" \/>\n<meta name=\"twitter:card\" content=\"summary_large_image\" \/>\n<meta name=\"twitter:label1\" content=\"\u00c9crit par\" \/>\n\t<meta name=\"twitter:data1\" content=\"\u00c9quipe com' JMJ Morbihan\" \/>\n\t<meta name=\"twitter:label2\" content=\"Dur\u00e9e de lecture estim\u00e9e\" \/>\n\t<meta name=\"twitter:data2\" content=\"1 minute\" \/>\n<script type=\"application\/ld+json\" class=\"yoast-schema-graph\">{\"@context\":\"https:\/\/schema.org\",\"@graph\":[{\"@type\":\"Article\",\"@id\":\"https:\/\/jmj2023-morbihan.fr\/index.php\/2024\/09\/20\/festival-ste-anne-et-jubile-a-rome-les-pre-incriptions-sont-ouvertes\/#article\",\"isPartOf\":{\"@id\":\"https:\/\/jmj2023-morbihan.fr\/index.php\/2024\/09\/20\/festival-ste-anne-et-jubile-a-rome-les-pre-incriptions-sont-ouvertes\/\"},\"author\":{\"name\":\"\u00c9quipe com' JMJ Morbihan\",\"@id\":\"https:\/\/jmj2023-morbihan.fr\/#\/schema\/person\/e3c4aa08f56cac91a126a58b8bc667d1\"},\"headline\":\"Festival Ste Anne et jubil\u00e9 \u00e0 Rome : les pr\u00e9-incriptions sont ouvertes !\",\"datePublished\":\"2024-09-20T15:21:34+00:00\",\"dateModified\":\"2024-09-27T09:30:02+00:00\",\"mainEntityOfPage\":{\"@id\":\"https:\/\/jmj2023-morbihan.fr\/index.php\/2024\/09\/20\/festival-ste-anne-et-jubile-a-rome-les-pre-incriptions-sont-ouvertes\/\"},\"wordCount\":188,\"publisher\":{\"@id\":\"https:\/\/jmj2023-morbihan.fr\/#organization\"},\"articleSection\":[\"NEWS\"],\"inLanguage\":\"fr-FR\"},{\"@type\":\"WebPage\",\"@id\":\"https:\/\/jmj2023-morbihan.fr\/index.php\/2024\/09\/20\/festival-ste-anne-et-jubile-a-rome-les-pre-incriptions-sont-ouvertes\/\",\"url\":\"https:\/\/jmj2023-morbihan.fr\/index.php\/2024\/09\/20\/festival-ste-anne-et-jubile-a-rome-les-pre-incriptions-sont-ouvertes\/\",\"name\":\"Festival Ste Anne et jubil\u00e9 \u00e0 Rome : les pr\u00e9-incriptions sont ouvertes ! - JMJ 2023 LISBONNE : PARS AVEC LE MORBIHAN\",\"isPartOf\":{\"@id\":\"https:\/\/jmj2023-morbihan.fr\/#website\"},\"datePublished\":\"2024-09-20T15:21:34+00:00\",\"dateModified\":\"2024-09-27T09:30:02+00:00\",\"breadcrumb\":{\"@id\":\"https:\/\/jmj2023-morbihan.fr\/index.php\/2024\/09\/20\/festival-ste-anne-et-jubile-a-rome-les-pre-incriptions-sont-ouvertes\/#breadcrumb\"},\"inLanguage\":\"fr-FR\",\"potentialAction\":[{\"@type\":\"ReadAction\",\"target\":[\"https:\/\/jmj2023-morbihan.fr\/index.php\/2024\/09\/20\/festival-ste-anne-et-jubile-a-rome-les-pre-incriptions-sont-ouvertes\/\"]}]},{\"@type\":\"BreadcrumbList\",\"@id\":\"https:\/\/jmj2023-morbihan.fr\/index.php\/2024\/09\/20\/festival-ste-anne-et-jubile-a-rome-les-pre-incriptions-sont-ouvertes\/#breadcrumb\",\"itemListElement\":[{\"@type\":\"ListItem\",\"position\":1,\"name\":\"Accueil\",\"item\":\"https:\/\/jmj2023-morbihan.fr\/\"},{\"@type\":\"ListItem\",\"position\":2,\"name\":\"Festival Ste Anne et jubil\u00e9 \u00e0 Rome : les pr\u00e9-incriptions sont ouvertes !\"}]},{\"@type\":\"WebSite\",\"@id\":\"https:\/\/jmj2023-morbihan.fr\/#website\",\"url\":\"https:\/\/jmj2023-morbihan.fr\/\",\"name\":\"JMJ 2023 LISBONNE : PARS AVEC LE MORBIHAN\",\"description\":\"Le site des Journ\u00e9es Mondiales de la Jeunesse 2023 pour le dioc\u00e8se de Vannes (Morbihan)\",\"publisher\":{\"@id\":\"https:\/\/jmj2023-morbihan.fr\/#organization\"},\"potentialAction\":[{\"@type\":\"SearchAction\",\"target\":{\"@type\":\"EntryPoint\",\"urlTemplate\":\"https:\/\/jmj2023-morbihan.fr\/?s={search_term_string}\"},\"query-input\":\"required name=search_term_string\"}],\"inLanguage\":\"fr-FR\"},{\"@type\":\"Organization\",\"@id\":\"https:\/\/jmj2023-morbihan.fr\/#organization\",\"name\":\"JMJ 2023 LISBONNE : PARS AVEC LE MORBIHAN\",\"url\":\"https:\/\/jmj2023-morbihan.fr\/\",\"logo\":{\"@type\":\"ImageObject\",\"inLanguage\":\"fr-FR\",\"@id\":\"https:\/\/jmj2023-morbihan.fr\/#\/schema\/logo\/image\/\",\"url\":\"https:\/\/jmj2023-morbihan.fr\/wp-content\/uploads\/2022\/11\/jmj2023-morbihan-lisbonne-logo-rond.png\",\"contentUrl\":\"https:\/\/jmj2023-morbihan.fr\/wp-content\/uploads\/2022\/11\/jmj2023-morbihan-lisbonne-logo-rond.png\",\"width\":200,\"height\":200,\"caption\":\"JMJ 2023 LISBONNE : PARS AVEC LE MORBIHAN\"},\"image\":{\"@id\":\"https:\/\/jmj2023-morbihan.fr\/#\/schema\/logo\/image\/\"},\"sameAs\":[\"https:\/\/www.facebook.com\/jmj2023morbihan\",\"https:\/\/www.instagram.com\/jmj2023morbihan\/\"]},{\"@type\":\"Person\",\"@id\":\"https:\/\/jmj2023-morbihan.fr\/#\/schema\/person\/e3c4aa08f56cac91a126a58b8bc667d1\",\"name\":\"\u00c9quipe com' JMJ Morbihan\",\"image\":{\"@type\":\"ImageObject\",\"inLanguage\":\"fr-FR\",\"@id\":\"https:\/\/jmj2023-morbihan.fr\/#\/schema\/person\/image\/\",\"url\":\"https:\/\/secure.gravatar.com\/avatar\/472dd6a0422fc63441e9279b77ab228870d99ced6aa41d85ac33e9475a065826?s=96&d=mm&r=g\",\"contentUrl\":\"https:\/\/secure.gravatar.com\/avatar\/472dd6a0422fc63441e9279b77ab228870d99ced6aa41d85ac33e9475a065826?s=96&d=mm&r=g\",\"caption\":\"\u00c9quipe com' JMJ Morbihan\"},\"url\":\"https:\/\/jmj2023-morbihan.fr\/index.php\/author\/isabelle-claquin\/\"}]}<\/script>\n<!-- \/ Yoast SEO plugin. -->","yoast_head_json":{"title":"Festival Ste Anne et jubil\u00e9 \u00e0 Rome : les pr\u00e9-incriptions sont ouvertes ! - JMJ 2023 LISBONNE : PARS AVEC LE MORBIHAN","robots":{"index":"index","follow":"follow","max-snippet":"max-snippet:-1","max-image-preview":"max-image-preview:large","max-video-preview":"max-video-preview:-1"},"canonical":"https:\/\/jmj2023-morbihan.fr\/index.php\/2024\/09\/20\/festival-ste-anne-et-jubile-a-rome-les-pre-incriptions-sont-ouvertes\/","og_locale":"fr_FR","og_type":"article","og_title":"Festival Ste Anne et jubil\u00e9 \u00e0 Rome : les pr\u00e9-incriptions sont ouvertes ! - JMJ 2023 LISBONNE : PARS AVEC LE MORBIHAN","og_description":"Que tu souhaites participer au Festival Sainte Anne, du 24 au 27 juillet 2025, ou\/et au jubil\u00e9 \u00e0 Rome, du 27 juillet au 3 ao\u00fbt, pr\u00e9-inscris-toi sur le formulaire en ligne, tu y trouveras toutes les formules propos\u00e9es : Retrouves toutes les informations &gt;&gt;&gt;&gt; dans le formulaire de pr\u00e9-inscription ICI et pose tes questions dans &hellip; Festival Ste Anne et jubil\u00e9 \u00e0 Rome : les pr\u00e9-incriptions sont ouvertes ! Lire la suite\u00a0\u00bb","og_url":"https:\/\/jmj2023-morbihan.fr\/index.php\/2024\/09\/20\/festival-ste-anne-et-jubile-a-rome-les-pre-incriptions-sont-ouvertes\/","og_site_name":"JMJ 2023 LISBONNE : PARS AVEC LE MORBIHAN","article_publisher":"https:\/\/www.facebook.com\/jmj2023morbihan","article_published_time":"2024-09-20T15:21:34+00:00","article_modified_time":"2024-09-27T09:30:02+00:00","og_image":[{"width":820,"height":824,"url":"https:\/\/jmj2023-morbihan.fr\/wp-content\/uploads\/2024\/09\/Visuel-Festival-Ste-Anne.jpg","type":"image\/jpeg"}],"author":"\u00c9quipe com' JMJ Morbihan","twitter_card":"summary_large_image","twitter_misc":{"\u00c9crit par":"\u00c9quipe com' JMJ Morbihan","Dur\u00e9e de lecture estim\u00e9e":"1 minute"},"schema":{"@context":"https:\/\/schema.org","@graph":[{"@type":"Article","@id":"https:\/\/jmj2023-morbihan.fr\/index.php\/2024\/09\/20\/festival-ste-anne-et-jubile-a-rome-les-pre-incriptions-sont-ouvertes\/#article","isPartOf":{"@id":"https:\/\/jmj2023-morbihan.fr\/index.php\/2024\/09\/20\/festival-ste-anne-et-jubile-a-rome-les-pre-incriptions-sont-ouvertes\/"},"author":{"name":"\u00c9quipe com' JMJ Morbihan","@id":"https:\/\/jmj2023-morbihan.fr\/#\/schema\/person\/e3c4aa08f56cac91a126a58b8bc667d1"},"headline":"Festival Ste Anne et jubil\u00e9 \u00e0 Rome : les pr\u00e9-incriptions sont ouvertes !","datePublished":"2024-09-20T15:21:34+00:00","dateModified":"2024-09-27T09:30:02+00:00","mainEntityOfPage":{"@id":"https:\/\/jmj2023-morbihan.fr\/index.php\/2024\/09\/20\/festival-ste-anne-et-jubile-a-rome-les-pre-incriptions-sont-ouvertes\/"},"wordCount":188,"publisher":{"@id":"https:\/\/jmj2023-morbihan.fr\/#organization"},"articleSection":["NEWS"],"inLanguage":"fr-FR"},{"@type":"WebPage","@id":"https:\/\/jmj2023-morbihan.fr\/index.php\/2024\/09\/20\/festival-ste-anne-et-jubile-a-rome-les-pre-incriptions-sont-ouvertes\/","url":"https:\/\/jmj2023-morbihan.fr\/index.php\/2024\/09\/20\/festival-ste-anne-et-jubile-a-rome-les-pre-incriptions-sont-ouvertes\/","name":"Festival Ste Anne et jubil\u00e9 \u00e0 Rome : les pr\u00e9-incriptions sont ouvertes ! - JMJ 2023 LISBONNE : PARS AVEC LE MORBIHAN","isPartOf":{"@id":"https:\/\/jmj2023-morbihan.fr\/#website"},"datePublished":"2024-09-20T15:21:34+00:00","dateModified":"2024-09-27T09:30:02+00:00","breadcrumb":{"@id":"https:\/\/jmj2023-morbihan.fr\/index.php\/2024\/09\/20\/festival-ste-anne-et-jubile-a-rome-les-pre-incriptions-sont-ouvertes\/#breadcrumb"},"inLanguage":"fr-FR","potentialAction":[{"@type":"ReadAction","target":["https:\/\/jmj2023-morbihan.fr\/index.php\/2024\/09\/20\/festival-ste-anne-et-jubile-a-rome-les-pre-incriptions-sont-ouvertes\/"]}]},{"@type":"BreadcrumbList","@id":"https:\/\/jmj2023-morbihan.fr\/index.php\/2024\/09\/20\/festival-ste-anne-et-jubile-a-rome-les-pre-incriptions-sont-ouvertes\/#breadcrumb","itemListElement":[{"@type":"ListItem","position":1,"name":"Accueil","item":"https:\/\/jmj2023-morbihan.fr\/"},{"@type":"ListItem","position":2,"name":"Festival Ste Anne et jubil\u00e9 \u00e0 Rome : les pr\u00e9-incriptions sont ouvertes !"}]},{"@type":"WebSite","@id":"https:\/\/jmj2023-morbihan.fr\/#website","url":"https:\/\/jmj2023-morbihan.fr\/","name":"JMJ 2023 LISBONNE : PARS AVEC LE MORBIHAN","description":"Le site des Journ\u00e9es Mondiales de la Jeunesse 2023 pour le dioc\u00e8se de Vannes (Morbihan)","publisher":{"@id":"https:\/\/jmj2023-morbihan.fr\/#organization"},"potentialAction":[{"@type":"SearchAction","target":{"@type":"EntryPoint","urlTemplate":"https:\/\/jmj2023-morbihan.fr\/?s={search_term_string}"},"query-input":"required name=search_term_string"}],"inLanguage":"fr-FR"},{"@type":"Organization","@id":"https:\/\/jmj2023-morbihan.fr\/#organization","name":"JMJ 2023 LISBONNE : PARS AVEC LE MORBIHAN","url":"https:\/\/jmj2023-morbihan.fr\/","logo":{"@type":"ImageObject","inLanguage":"fr-FR","@id":"https:\/\/jmj2023-morbihan.fr\/#\/schema\/logo\/image\/","url":"https:\/\/jmj2023-morbihan.fr\/wp-content\/uploads\/2022\/11\/jmj2023-morbihan-lisbonne-logo-rond.png","contentUrl":"https:\/\/jmj2023-morbihan.fr\/wp-content\/uploads\/2022\/11\/jmj2023-morbihan-lisbonne-logo-rond.png","width":200,"height":200,"caption":"JMJ 2023 LISBONNE : PARS AVEC LE MORBIHAN"},"image":{"@id":"https:\/\/jmj2023-morbihan.fr\/#\/schema\/logo\/image\/"},"sameAs":["https:\/\/www.facebook.com\/jmj2023morbihan","https:\/\/www.instagram.com\/jmj2023morbihan\/"]},{"@type":"Person","@id":"https:\/\/jmj2023-morbihan.fr\/#\/schema\/person\/e3c4aa08f56cac91a126a58b8bc667d1","name":"\u00c9quipe com' JMJ Morbihan","image":{"@type":"ImageObject","inLanguage":"fr-FR","@id":"https:\/\/jmj2023-morbihan.fr\/#\/schema\/person\/image\/","url":"https:\/\/secure.gravatar.com\/avatar\/472dd6a0422fc63441e9279b77ab228870d99ced6aa41d85ac33e9475a065826?s=96&d=mm&r=g","contentUrl":"https:\/\/secure.gravatar.com\/avatar\/472dd6a0422fc63441e9279b77ab228870d99ced6aa41d85ac33e9475a065826?s=96&d=mm&r=g","caption":"\u00c9quipe com' JMJ Morbihan"},"url":"https:\/\/jmj2023-morbihan.fr\/index.php\/author\/isabelle-claquin\/"}]}},"jetpack_featured_media_url":"https:\/\/jmj2023-morbihan.fr\/wp-content\/uploads\/2024\/09\/Visuel-Festival-Ste-Anne.jpg","_links":{"self":[{"href":"https:\/\/jmj2023-morbihan.fr\/index.php\/wp-json\/wp\/v2\/posts\/1054","targetHints":{"allow":["GET"]}}],"collection":[{"href":"https:\/\/jmj2023-morbihan.fr\/index.php\/wp-json\/wp\/v2\/posts"}],"about":[{"href":"https:\/\/jmj2023-morbihan.fr\/index.php\/wp-json\/wp\/v2\/types\/post"}],"author":[{"embeddable":true,"href":"https:\/\/jmj2023-morbihan.fr\/index.php\/wp-json\/wp\/v2\/users\/2"}],"replies":[{"embeddable":true,"href":"https:\/\/jmj2023-morbihan.fr\/index.php\/wp-json\/wp\/v2\/comments?post=1054"}],"version-history":[{"count":2,"href":"https:\/\/jmj2023-morbihan.fr\/index.php\/wp-json\/wp\/v2\/posts\/1054\/revisions"}],"predecessor-version":[{"id":1058,"href":"https:\/\/jmj2023-morbihan.fr\/index.php\/wp-json\/wp\/v2\/posts\/1054\/revisions\/1058"}],"wp:featuredmedia":[{"embeddable":true,"href":"https:\/\/jmj2023-morbihan.fr\/index.php\/wp-json\/wp\/v2\/media\/1056"}],"wp:attachment":[{"href":"https:\/\/jmj2023-morbihan.fr\/index.php\/wp-json\/wp\/v2\/media?parent=1054"}],"wp:term":[{"taxonomy":"category","embeddable":true,"href":"https:\/\/jmj2023-morbihan.fr\/index.php\/wp-json\/wp\/v2\/categories?post=1054"},{"taxonomy":"post_tag","embeddable":true,"href":"https:\/\/jmj2023-morbihan.fr\/index.php\/wp-json\/wp\/v2\/tags?post=1054"}],"curies":[{"name":"wp","href":"https:\/\/api.w.org\/{rel}","templated":true}]}}