{"id":136,"date":"2022-11-16T16:51:47","date_gmt":"2022-11-16T15:51:47","guid":{"rendered":"http:\/\/jmj2023-morbihan.fr\/?p=136"},"modified":"2022-11-16T16:51:47","modified_gmt":"2022-11-16T15:51:47","slug":"11-bonnes-raisons-de-participer-aux-jmj-de-lisbonne-avec-le-morbihan","status":"publish","type":"post","link":"https:\/\/jmj2023-morbihan.fr\/index.php\/2022\/11\/16\/11-bonnes-raisons-de-participer-aux-jmj-de-lisbonne-avec-le-morbihan\/","title":{"rendered":"11 bonnes raisons de participer aux JMJ 2023 de Lisbonne avec le Morbihan"},"content":{"rendered":"\n<p><strong><em>Tu te poses encore la question de savoir si tu pars aux JMJ en 2023 avec le dioc\u00e8se du Morbihan ? Voici 11 bonnes raisons pour nous rejoindre dans cette aventure spirituelle et humaine exceptionnelle !<\/em><\/strong><\/p>\n\n\n\n<h2 class=\"wp-block-heading\">1. \u00catre avec le pape<\/h2>\n\n\n\n<p>Les JMJ 2023 sont l\u2019occasion pour toi de passer quelques jours aupr\u00e8s du pape. Projette-toi un instant&nbsp;: tu te trouveras au m\u00eame endroit que le pape Fran\u00e7ois. Et m\u00eame si tu es \u00e0 1 km de l\u2019autel de la messe finale ou si tu ne fais que voir passer la papamobile, qu\u2019importe la distance&nbsp;: en te joignant aux JMJ2023, tu pourras \u00e9couter et apporter ton soutien au pape.<\/p>\n\n\n\n<figure class=\"wp-block-image aligncenter size-full\"><img loading=\"lazy\" decoding=\"async\" width=\"1024\" height=\"731\" src=\"http:\/\/jmj2023-morbihan.fr\/wp-content\/uploads\/2022\/11\/11-bonnes-raisons-de-participer-aux-jmj2023-de-lisbonne-avec-le-morbihan-01-etre-avec-pape-francois.jpg\" alt=\"11 bonnes raisons de participer aux JMJ 2023 de Lisbonne \u00eatre avec le Pape Fran\u00e7ois\" class=\"wp-image-139\" srcset=\"https:\/\/jmj2023-morbihan.fr\/wp-content\/uploads\/2022\/11\/11-bonnes-raisons-de-participer-aux-jmj2023-de-lisbonne-avec-le-morbihan-01-etre-avec-pape-francois.jpg 1024w, https:\/\/jmj2023-morbihan.fr\/wp-content\/uploads\/2022\/11\/11-bonnes-raisons-de-participer-aux-jmj2023-de-lisbonne-avec-le-morbihan-01-etre-avec-pape-francois-300x214.jpg 300w, https:\/\/jmj2023-morbihan.fr\/wp-content\/uploads\/2022\/11\/11-bonnes-raisons-de-participer-aux-jmj2023-de-lisbonne-avec-le-morbihan-01-etre-avec-pape-francois-768x548.jpg 768w\" sizes=\"auto, (max-width: 1024px) 100vw, 1024px\" \/><\/figure>\n\n\n\n<div style=\"height:50px\" aria-hidden=\"true\" class=\"wp-block-spacer\"><\/div>\n\n\n\n<h2 class=\"wp-block-heading\">2. Rencontrer d\u2019autres jeunes venus du monde entier<\/h2>\n\n\n\n<p>Le temps des JMJ2023, Lisbonne va accueillir des jeunes des 4 coins du globe&nbsp;: alors pourquoi pas toi&nbsp;? Chants et pri\u00e8res dans une douzaine de langues, drapeaux de tous les pays&nbsp;: c\u2019est une farandole de sons et de couleurs qui t\u2019attendent \u00e0 Lisbonne pendant les JMJ2023. Mieux encore, tu \u00e9changeras tes impressions et partageras ta foi avec d\u2019autres jeunes du monde entier. Alors laisse parler ta g\u00e9n\u00e9rosit\u00e9&nbsp;!<\/p>\n\n\n\n<figure class=\"wp-block-image aligncenter size-full\"><img loading=\"lazy\" decoding=\"async\" width=\"1024\" height=\"699\" src=\"http:\/\/jmj2023-morbihan.fr\/wp-content\/uploads\/2022\/11\/11-bonnes-raisons-de-participer-aux-jmj2023-de-lisbonne-avec-le-morbihan-02-rencontrer-jeunes-monde-entier.jpg\" alt=\"11 bonnes raisons de participer aux JMJ 2023 de Lisbonne rencontrer des jeunes du monde entier\" class=\"wp-image-140\" srcset=\"https:\/\/jmj2023-morbihan.fr\/wp-content\/uploads\/2022\/11\/11-bonnes-raisons-de-participer-aux-jmj2023-de-lisbonne-avec-le-morbihan-02-rencontrer-jeunes-monde-entier.jpg 1024w, https:\/\/jmj2023-morbihan.fr\/wp-content\/uploads\/2022\/11\/11-bonnes-raisons-de-participer-aux-jmj2023-de-lisbonne-avec-le-morbihan-02-rencontrer-jeunes-monde-entier-300x205.jpg 300w, https:\/\/jmj2023-morbihan.fr\/wp-content\/uploads\/2022\/11\/11-bonnes-raisons-de-participer-aux-jmj2023-de-lisbonne-avec-le-morbihan-02-rencontrer-jeunes-monde-entier-768x524.jpg 768w\" sizes=\"auto, (max-width: 1024px) 100vw, 1024px\" \/><\/figure>\n\n\n\n<div style=\"height:50px\" aria-hidden=\"true\" class=\"wp-block-spacer\"><\/div>\n\n\n\n<h2 class=\"wp-block-heading\">3. Te faire de nouveaux amis<\/h2>\n\n\n\n<p>Lors des JMJ, on l\u2019a dit, des chr\u00e9tiens de tous les pays se rejoindront \u00e0 Lisbonne. Et parmi eux, il y aura aussi, on l\u2019esp\u00e8re, de nombreux chr\u00e9tiens du Morbihan&nbsp;! C\u2019est une formidable occasion de rencontrer d\u2019autres jeunes chr\u00e9tiens bretons et de se faire de nouveaux amis du dioc\u00e8se de Vannes.<\/p>\n\n\n\n<figure class=\"wp-block-image aligncenter size-large\"><img loading=\"lazy\" decoding=\"async\" width=\"1024\" height=\"680\" src=\"http:\/\/jmj2023-morbihan.fr\/wp-content\/uploads\/2022\/11\/11-bonnes-raisons-de-participer-aux-jmj2023-de-lisbonne-avec-le-morbihan-03-te-faire-de-nouveaux-amis-1024x680.jpg\" alt=\"11 bonnes raisons de participer aux JMJ 2023 de Lisbonne te faire de nouveaux amis\" class=\"wp-image-141\" srcset=\"https:\/\/jmj2023-morbihan.fr\/wp-content\/uploads\/2022\/11\/11-bonnes-raisons-de-participer-aux-jmj2023-de-lisbonne-avec-le-morbihan-03-te-faire-de-nouveaux-amis-1024x680.jpg 1024w, https:\/\/jmj2023-morbihan.fr\/wp-content\/uploads\/2022\/11\/11-bonnes-raisons-de-participer-aux-jmj2023-de-lisbonne-avec-le-morbihan-03-te-faire-de-nouveaux-amis-300x199.jpg 300w, https:\/\/jmj2023-morbihan.fr\/wp-content\/uploads\/2022\/11\/11-bonnes-raisons-de-participer-aux-jmj2023-de-lisbonne-avec-le-morbihan-03-te-faire-de-nouveaux-amis-768x510.jpg 768w, https:\/\/jmj2023-morbihan.fr\/wp-content\/uploads\/2022\/11\/11-bonnes-raisons-de-participer-aux-jmj2023-de-lisbonne-avec-le-morbihan-03-te-faire-de-nouveaux-amis.jpg 1200w\" sizes=\"auto, (max-width: 1024px) 100vw, 1024px\" \/><\/figure>\n\n\n\n<div style=\"height:50px\" aria-hidden=\"true\" class=\"wp-block-spacer\"><\/div>\n\n\n\n<h2 class=\"wp-block-heading\">4. Se joindre \u00e0 un p\u00e8lerinage unique<\/h2>\n\n\n\n<p>Il y a un peu plus de 30 ans naissait la JMJ, et la pratique du p\u00e8lerinage remonte \u00e0 bien plus longtemps encore&nbsp;! Participer \u00e0 un p\u00e8lerinage, c\u2019est l\u2019occasion de prier d\u2019une autre fa\u00e7on&nbsp;: prier avec ton corps, comme l\u2019ont fait J\u00e9sus et Abraham. Avec plusieurs kilom\u00e8tres parcourus chaque jour, tu te coucheras fatigu\u00e9, mais heu-reux&nbsp;!<\/p>\n\n\n\n<figure class=\"wp-block-image aligncenter size-full\"><img loading=\"lazy\" decoding=\"async\" width=\"1024\" height=\"680\" src=\"http:\/\/jmj2023-morbihan.fr\/wp-content\/uploads\/2022\/11\/11-bonnes-raisons-de-participer-aux-jmj2023-de-lisbonne-avec-le-morbihan-04-pelerinage-unique.jpg\" alt=\"11 bonnes raisons de participer aux JMJ 2023 de Lisbonne rejoindre un p\u00e8lerinage unique\" class=\"wp-image-142\" srcset=\"https:\/\/jmj2023-morbihan.fr\/wp-content\/uploads\/2022\/11\/11-bonnes-raisons-de-participer-aux-jmj2023-de-lisbonne-avec-le-morbihan-04-pelerinage-unique.jpg 1024w, https:\/\/jmj2023-morbihan.fr\/wp-content\/uploads\/2022\/11\/11-bonnes-raisons-de-participer-aux-jmj2023-de-lisbonne-avec-le-morbihan-04-pelerinage-unique-300x199.jpg 300w, https:\/\/jmj2023-morbihan.fr\/wp-content\/uploads\/2022\/11\/11-bonnes-raisons-de-participer-aux-jmj2023-de-lisbonne-avec-le-morbihan-04-pelerinage-unique-768x510.jpg 768w\" sizes=\"auto, (max-width: 1024px) 100vw, 1024px\" \/><\/figure>\n\n\n\n<div style=\"height:50px\" aria-hidden=\"true\" class=\"wp-block-spacer\"><\/div>\n\n\n\n<h2 class=\"wp-block-heading\">5. Exp\u00e9rimenter la vraie joie<\/h2>\n\n\n\n<p>Les JMJ sont une v\u00e9ritable explosion d\u2019\u00e9motions et d\u2019\u00e9nergie sans \u00e9quivalent&nbsp;! Les p\u00e8lerins danseront et chanteront \u00e0 travers la ville de Lisbonne. L\u2019atmosph\u00e8re de la capitale du Portugal va devenir \u00e9lectrique, joyeuse et accueillante. Alors \u00e0 toi d\u2019apporter ta bonne humeur et de la faire partager aux autres&nbsp;!<\/p>\n\n\n\n<figure class=\"wp-block-image aligncenter size-full\"><img loading=\"lazy\" decoding=\"async\" width=\"1024\" height=\"683\" src=\"http:\/\/jmj2023-morbihan.fr\/wp-content\/uploads\/2022\/11\/11-bonnes-raisons-de-participer-aux-jmj2023-de-lisbonne-avec-le-morbihan-06-creer-souvenirs.jpg\" alt=\"11 bonnes raisons de participer aux JMJ 2023 de Lisbonne se cr\u00e9er des souvenirs\" class=\"wp-image-144\" srcset=\"https:\/\/jmj2023-morbihan.fr\/wp-content\/uploads\/2022\/11\/11-bonnes-raisons-de-participer-aux-jmj2023-de-lisbonne-avec-le-morbihan-06-creer-souvenirs.jpg 1024w, https:\/\/jmj2023-morbihan.fr\/wp-content\/uploads\/2022\/11\/11-bonnes-raisons-de-participer-aux-jmj2023-de-lisbonne-avec-le-morbihan-06-creer-souvenirs-300x200.jpg 300w, https:\/\/jmj2023-morbihan.fr\/wp-content\/uploads\/2022\/11\/11-bonnes-raisons-de-participer-aux-jmj2023-de-lisbonne-avec-le-morbihan-06-creer-souvenirs-768x512.jpg 768w\" sizes=\"auto, (max-width: 1024px) 100vw, 1024px\" \/><\/figure>\n\n\n\n<div style=\"height:50px\" aria-hidden=\"true\" class=\"wp-block-spacer\"><\/div>\n\n\n\n<h2 class=\"wp-block-heading\">6. Te cr\u00e9er des souvenirs qui te suivront toute ta vie<\/h2>\n\n\n\n<p>\u00ab&nbsp;Les bons souvenirs sont des bijoux perdus&nbsp;\u00bb, disait le po\u00e8te Paul Valery. Alors, pendant les JMJ, r\u00eave en grand, encourage les autres \u00e0 faire de m\u00eame et profite des exp\u00e9riences que tu vas vivre pendant le Voyage. Et surtout, apr\u00e8s les JMJ, laisse tes bons souvenirs \u00e9clairer ton chemin.<\/p>\n\n\n\n<figure class=\"wp-block-image aligncenter size-full\"><img loading=\"lazy\" decoding=\"async\" width=\"1024\" height=\"683\" src=\"http:\/\/jmj2023-morbihan.fr\/wp-content\/uploads\/2022\/11\/11-bonnes-raisons-de-participer-aux-jmj2023-de-lisbonne-avec-le-morbihan-05-experimenter-vraie-joie.jpg\" alt=\"11 bonnes raisons de participer aux JMJ 2023 de Lisbonne exp\u00e9rimenter la vraie joie chr\u00e9tienne\" class=\"wp-image-143\" srcset=\"https:\/\/jmj2023-morbihan.fr\/wp-content\/uploads\/2022\/11\/11-bonnes-raisons-de-participer-aux-jmj2023-de-lisbonne-avec-le-morbihan-05-experimenter-vraie-joie.jpg 1024w, https:\/\/jmj2023-morbihan.fr\/wp-content\/uploads\/2022\/11\/11-bonnes-raisons-de-participer-aux-jmj2023-de-lisbonne-avec-le-morbihan-05-experimenter-vraie-joie-300x200.jpg 300w, https:\/\/jmj2023-morbihan.fr\/wp-content\/uploads\/2022\/11\/11-bonnes-raisons-de-participer-aux-jmj2023-de-lisbonne-avec-le-morbihan-05-experimenter-vraie-joie-768x512.jpg 768w\" sizes=\"auto, (max-width: 1024px) 100vw, 1024px\" \/><\/figure>\n\n\n\n<div style=\"height:50px\" aria-hidden=\"true\" class=\"wp-block-spacer\"><\/div>\n\n\n\n<h2 class=\"wp-block-heading\">7. T\u00e9moigner de la foi des multiples cultures<\/h2>\n\n\n\n<p>Les JMJ, c\u2019est aussi le moment o\u00f9 nous montrons au monde entier \u00e0 quel point l\u2019\u00e9glise est vivante et moderne&nbsp;! Les Journ\u00e9es Mondiales de la Jeunesse ne concernent pas uniquement les p\u00e8lerins. Elles impliquent la ville qui les accueille, Lisbonne, la communaut\u00e9 et m\u00eame les jeunes du monde entier. Les JMJ n\u2019attendent plus que toi et tes potes.<\/p>\n\n\n\n<figure class=\"wp-block-image aligncenter size-full\"><img loading=\"lazy\" decoding=\"async\" width=\"1024\" height=\"683\" src=\"http:\/\/jmj2023-morbihan.fr\/wp-content\/uploads\/2022\/11\/11-bonnes-raisons-de-participer-aux-jmj2023-de-lisbonne-avec-le-morbihan-07-temoigner-foi-cultures.jpg\" alt=\"11 bonnes raisons de participer aux JMJ 2023 de Lisbonne t\u00e9moigner de la foi des multiples cultures\" class=\"wp-image-145\" srcset=\"https:\/\/jmj2023-morbihan.fr\/wp-content\/uploads\/2022\/11\/11-bonnes-raisons-de-participer-aux-jmj2023-de-lisbonne-avec-le-morbihan-07-temoigner-foi-cultures.jpg 1024w, https:\/\/jmj2023-morbihan.fr\/wp-content\/uploads\/2022\/11\/11-bonnes-raisons-de-participer-aux-jmj2023-de-lisbonne-avec-le-morbihan-07-temoigner-foi-cultures-300x200.jpg 300w, https:\/\/jmj2023-morbihan.fr\/wp-content\/uploads\/2022\/11\/11-bonnes-raisons-de-participer-aux-jmj2023-de-lisbonne-avec-le-morbihan-07-temoigner-foi-cultures-768x512.jpg 768w\" sizes=\"auto, (max-width: 1024px) 100vw, 1024px\" \/><\/figure>\n\n\n\n<div style=\"height:50px\" aria-hidden=\"true\" class=\"wp-block-spacer\"><\/div>\n\n\n\n<h2 class=\"wp-block-heading\">8. Recharger tes batteries dans ta relation \u00e0 Dieu<\/h2>\n\n\n\n<p>On entend souvent au retour des JMJ que \u00ab&nbsp;cette semaine a \u00e9t\u00e9 une parenth\u00e8se dans mon ann\u00e9e&nbsp;\u00bb, un moment pour \u00ab&nbsp;recharger les batteries&nbsp;\u00bb. Et pourquoi pas un moment pour se reconnecter avec Dieu dans le monde moderne qui nous presse \u00e0 tout instant&nbsp;? Les JMJ sont l\u2019occasion de remettre tes sens en \u00e9veil et favoriser l\u2019introspection. Crois-nous&nbsp;: tu pourrais bien \u00eatre surpris&nbsp;!<\/p>\n\n\n\n<figure class=\"wp-block-image aligncenter size-full\"><img loading=\"lazy\" decoding=\"async\" width=\"1024\" height=\"683\" src=\"http:\/\/jmj2023-morbihan.fr\/wp-content\/uploads\/2022\/11\/11-bonnes-raisons-de-participer-aux-jmj2023-de-lisbonne-avec-le-morbihan-08-recharger-batteries-relation-dieu.jpg\" alt=\"11 bonnes raisons de participer aux JMJ 2023 de Lisbonne recharger ses batteries dans sa relation avec dieu\" class=\"wp-image-146\" srcset=\"https:\/\/jmj2023-morbihan.fr\/wp-content\/uploads\/2022\/11\/11-bonnes-raisons-de-participer-aux-jmj2023-de-lisbonne-avec-le-morbihan-08-recharger-batteries-relation-dieu.jpg 1024w, https:\/\/jmj2023-morbihan.fr\/wp-content\/uploads\/2022\/11\/11-bonnes-raisons-de-participer-aux-jmj2023-de-lisbonne-avec-le-morbihan-08-recharger-batteries-relation-dieu-300x200.jpg 300w, https:\/\/jmj2023-morbihan.fr\/wp-content\/uploads\/2022\/11\/11-bonnes-raisons-de-participer-aux-jmj2023-de-lisbonne-avec-le-morbihan-08-recharger-batteries-relation-dieu-768x512.jpg 768w\" sizes=\"auto, (max-width: 1024px) 100vw, 1024px\" \/><\/figure>\n\n\n\n<div style=\"height:50px\" aria-hidden=\"true\" class=\"wp-block-spacer\"><\/div>\n\n\n\n<h2 class=\"wp-block-heading\">9. Apprendre \u00e0 servir et aimer<\/h2>\n\n\n\n<p>Avec l\u2019effervescence des JMJ, des besoins vont in\u00e9vitablement appara\u00eetre. Reste attentif aux autres et \u00e0 leurs besoins li\u00e9s \u00e0 la soif, \u00e0 la faim et \u00e0 la chaleur. C\u2019est l\u2019occasion d\u2019en profiter pour apprendre \u00e0 servir et \u00e0 aimer. Ce sont de petits gestes et de petites attentions qui transmettent la paix autour de toi.<\/p>\n\n\n\n<figure class=\"wp-block-image aligncenter size-full\"><img loading=\"lazy\" decoding=\"async\" width=\"1024\" height=\"683\" src=\"http:\/\/jmj2023-morbihan.fr\/wp-content\/uploads\/2022\/11\/11-bonnes-raisons-de-participer-aux-jmj2023-de-lisbonne-avec-le-morbihan-09-apprendre-a-servir-et-aimer.jpg\" alt=\"11 bonnes raisons de participer aux JMJ 2023 de Lisbonne apprendre \u00e0 servir et aimer\" class=\"wp-image-147\" srcset=\"https:\/\/jmj2023-morbihan.fr\/wp-content\/uploads\/2022\/11\/11-bonnes-raisons-de-participer-aux-jmj2023-de-lisbonne-avec-le-morbihan-09-apprendre-a-servir-et-aimer.jpg 1024w, https:\/\/jmj2023-morbihan.fr\/wp-content\/uploads\/2022\/11\/11-bonnes-raisons-de-participer-aux-jmj2023-de-lisbonne-avec-le-morbihan-09-apprendre-a-servir-et-aimer-300x200.jpg 300w, https:\/\/jmj2023-morbihan.fr\/wp-content\/uploads\/2022\/11\/11-bonnes-raisons-de-participer-aux-jmj2023-de-lisbonne-avec-le-morbihan-09-apprendre-a-servir-et-aimer-768x512.jpg 768w\" sizes=\"auto, (max-width: 1024px) 100vw, 1024px\" \/><\/figure>\n\n\n\n<div style=\"height:50px\" aria-hidden=\"true\" class=\"wp-block-spacer\"><\/div>\n\n\n\n<h2 class=\"wp-block-heading\">10. \u00c9largir ses horizons<\/h2>\n\n\n\n<p>P\u00e8lerin ou b\u00e9n\u00e9vole, sur le Chemin, au fil des rencontres, des histoires et des conversations, chacun se retrouve \u00e0 sortir de sa zone de confort. Est-ce un mal&nbsp;? Non&nbsp;! Profite de ces turbulences pour \u00e9largir tes horizons et ouvrir le champ des possibles&nbsp;! Les JMJ sont le moment pour regarder tous ensemble vers l\u2019avenir.<\/p>\n\n\n\n<figure class=\"wp-block-image aligncenter size-full\"><img loading=\"lazy\" decoding=\"async\" width=\"1024\" height=\"681\" src=\"http:\/\/jmj2023-morbihan.fr\/wp-content\/uploads\/2022\/11\/11-bonnes-raisons-de-participer-aux-jmj2023-de-lisbonne-avec-le-morbihan-10-elargir-ses-horizons.jpg\" alt=\"11 bonnes raisons de participer aux JMJ 2023 de Lisbonne elargir ses horizons\" class=\"wp-image-148\" srcset=\"https:\/\/jmj2023-morbihan.fr\/wp-content\/uploads\/2022\/11\/11-bonnes-raisons-de-participer-aux-jmj2023-de-lisbonne-avec-le-morbihan-10-elargir-ses-horizons.jpg 1024w, https:\/\/jmj2023-morbihan.fr\/wp-content\/uploads\/2022\/11\/11-bonnes-raisons-de-participer-aux-jmj2023-de-lisbonne-avec-le-morbihan-10-elargir-ses-horizons-300x200.jpg 300w, https:\/\/jmj2023-morbihan.fr\/wp-content\/uploads\/2022\/11\/11-bonnes-raisons-de-participer-aux-jmj2023-de-lisbonne-avec-le-morbihan-10-elargir-ses-horizons-768x511.jpg 768w\" sizes=\"auto, (max-width: 1024px) 100vw, 1024px\" \/><\/figure>\n\n\n\n<div style=\"height:50px\" aria-hidden=\"true\" class=\"wp-block-spacer\"><\/div>\n\n\n\n<h2 class=\"wp-block-heading\">11. Prendre (enfin) des d\u00e9cisions importantes<\/h2>\n\n\n\n<p>Tu sais quoi&nbsp;? Les JMJ2023 avec le Morbihan sont un moment sp\u00e9cial o\u00f9 tu prendras conscience que tu n\u2019es pas seul, m\u00eame quand tout t\u2019indique le contraire. Des personnes des 4 coins du globe te soutiennent. Cette prise de conscience et ton exp\u00e9rience incroyable te donnera le courage de prendre des d\u00e9cisions importantes. Pr\u00eat \u00e0 avoir le vertige&nbsp;?<\/p>\n\n\n\n<figure class=\"wp-block-image aligncenter size-full\"><img loading=\"lazy\" decoding=\"async\" width=\"1024\" height=\"681\" src=\"http:\/\/jmj2023-morbihan.fr\/wp-content\/uploads\/2022\/11\/11-bonnes-raisons-de-participer-aux-jmj2023-de-lisbonne-avec-le-morbihan-11-prendre-decisions-importantes.jpg\" alt=\"11 bonnes raisons de participer aux JMJ 2023 de Lisbonne prendre des d\u00e9cisions importantes\" class=\"wp-image-149\" srcset=\"https:\/\/jmj2023-morbihan.fr\/wp-content\/uploads\/2022\/11\/11-bonnes-raisons-de-participer-aux-jmj2023-de-lisbonne-avec-le-morbihan-11-prendre-decisions-importantes.jpg 1024w, https:\/\/jmj2023-morbihan.fr\/wp-content\/uploads\/2022\/11\/11-bonnes-raisons-de-participer-aux-jmj2023-de-lisbonne-avec-le-morbihan-11-prendre-decisions-importantes-300x200.jpg 300w, https:\/\/jmj2023-morbihan.fr\/wp-content\/uploads\/2022\/11\/11-bonnes-raisons-de-participer-aux-jmj2023-de-lisbonne-avec-le-morbihan-11-prendre-decisions-importantes-768x511.jpg 768w\" sizes=\"auto, (max-width: 1024px) 100vw, 1024px\" \/><\/figure>\n\n\n\n<div style=\"height:50px\" aria-hidden=\"true\" class=\"wp-block-spacer\"><\/div>\n\n\n\n<p>Convaincu ? Alors qu&rsquo;est-ce que tu attends pour <a href=\"http:\/\/jmj2023-morbihan.fr\/index.php\/inscription\/\" data-type=\"page\" data-id=\"19\">t&rsquo;inscrire aux JMJ 2023 avec le Morbihan<\/a> ?<\/p>\n","protected":false},"excerpt":{"rendered":"<p>Tu te poses encore la question de savoir si tu pars aux JMJ en 2023 avec le dioc\u00e8se du Morbihan ? Voici 11 bonnes raisons pour nous rejoindre dans cette aventure spirituelle et humaine exceptionnelle ! 1. \u00catre avec le pape Les JMJ 2023 sont l\u2019occasion pour toi de passer quelques jours aupr\u00e8s du pape. &hellip;<\/p>\n<p class=\"read-more\"> <a class=\"\" href=\"https:\/\/jmj2023-morbihan.fr\/index.php\/2022\/11\/16\/11-bonnes-raisons-de-participer-aux-jmj-de-lisbonne-avec-le-morbihan\/\"> <span class=\"screen-reader-text\">11 bonnes raisons de participer aux JMJ 2023 de Lisbonne avec le Morbihan<\/span> Lire la suite\u00a0\u00bb<\/a><\/p>\n","protected":false},"author":1,"featured_media":0,"comment_status":"closed","ping_status":"","sticky":false,"template":"","format":"standard","meta":{"site-sidebar-layout":"default","site-content-layout":"default","ast-global-header-display":"","ast-main-header-display":"","ast-hfb-above-header-display":"","ast-hfb-below-header-display":"","ast-hfb-mobile-header-display":"","site-post-title":"","ast-breadcrumbs-content":"","ast-featured-img":"","footer-sml-layout":"","theme-transparent-header-meta":"","adv-header-id-meta":"","stick-header-meta":"","header-above-stick-meta":"","header-main-stick-meta":"","header-below-stick-meta":"","footnotes":""},"categories":[5],"tags":[],"class_list":["post-136","post","type-post","status-publish","format-standard","hentry","category-news"],"yoast_head":"<!-- This site is optimized with the Yoast SEO plugin v20.3 - https:\/\/yoast.com\/wordpress\/plugins\/seo\/ -->\n<title>11 bonnes raisons de participer aux JMJ 2023 de Lisbonne avec le Morbihan - JMJ 2023 LISBONNE : PARS AVEC LE MORBIHAN<\/title>\n<meta name=\"robots\" content=\"index, follow, max-snippet:-1, max-image-preview:large, max-video-preview:-1\" \/>\n<link rel=\"canonical\" href=\"https:\/\/jmj2023-morbihan.fr\/index.php\/2022\/11\/16\/11-bonnes-raisons-de-participer-aux-jmj-de-lisbonne-avec-le-morbihan\/\" \/>\n<meta property=\"og:locale\" content=\"fr_FR\" \/>\n<meta property=\"og:type\" content=\"article\" \/>\n<meta property=\"og:title\" content=\"11 bonnes raisons de participer aux JMJ 2023 de Lisbonne avec le Morbihan - JMJ 2023 LISBONNE : PARS AVEC LE MORBIHAN\" \/>\n<meta property=\"og:description\" content=\"Tu te poses encore la question de savoir si tu pars aux JMJ en 2023 avec le dioc\u00e8se du Morbihan ? Voici 11 bonnes raisons pour nous rejoindre dans cette aventure spirituelle et humaine exceptionnelle ! 1. \u00catre avec le pape Les JMJ 2023 sont l\u2019occasion pour toi de passer quelques jours aupr\u00e8s du pape. &hellip; 11 bonnes raisons de participer aux JMJ 2023 de Lisbonne avec le Morbihan Lire la suite\u00a0\u00bb\" \/>\n<meta property=\"og:url\" content=\"https:\/\/jmj2023-morbihan.fr\/index.php\/2022\/11\/16\/11-bonnes-raisons-de-participer-aux-jmj-de-lisbonne-avec-le-morbihan\/\" \/>\n<meta property=\"og:site_name\" content=\"JMJ 2023 LISBONNE : PARS AVEC LE MORBIHAN\" \/>\n<meta property=\"article:publisher\" content=\"https:\/\/www.facebook.com\/jmj2023morbihan\" \/>\n<meta property=\"article:published_time\" content=\"2022-11-16T15:51:47+00:00\" \/>\n<meta property=\"og:image\" content=\"http:\/\/jmj2023-morbihan.fr\/wp-content\/uploads\/2022\/11\/11-bonnes-raisons-de-participer-aux-jmj2023-de-lisbonne-avec-le-morbihan-01-etre-avec-pape-francois.jpg\" \/>\n<meta name=\"author\" content=\"Service communication du dioc\u00e8se de Vannes\" \/>\n<meta name=\"twitter:card\" content=\"summary_large_image\" \/>\n<meta name=\"twitter:label1\" content=\"\u00c9crit par\" \/>\n\t<meta name=\"twitter:data1\" content=\"Service communication du dioc\u00e8se de Vannes\" \/>\n\t<meta name=\"twitter:label2\" content=\"Dur\u00e9e de lecture estim\u00e9e\" \/>\n\t<meta name=\"twitter:data2\" content=\"4 minutes\" \/>\n<script type=\"application\/ld+json\" class=\"yoast-schema-graph\">{\"@context\":\"https:\/\/schema.org\",\"@graph\":[{\"@type\":\"Article\",\"@id\":\"https:\/\/jmj2023-morbihan.fr\/index.php\/2022\/11\/16\/11-bonnes-raisons-de-participer-aux-jmj-de-lisbonne-avec-le-morbihan\/#article\",\"isPartOf\":{\"@id\":\"https:\/\/jmj2023-morbihan.fr\/index.php\/2022\/11\/16\/11-bonnes-raisons-de-participer-aux-jmj-de-lisbonne-avec-le-morbihan\/\"},\"author\":{\"name\":\"Service communication du dioc\u00e8se de Vannes\",\"@id\":\"https:\/\/jmj2023-morbihan.fr\/#\/schema\/person\/59ba06dd8bf4d58e67e7dc27bdd168d3\"},\"headline\":\"11 bonnes raisons de participer aux JMJ 2023 de Lisbonne avec le Morbihan\",\"datePublished\":\"2022-11-16T15:51:47+00:00\",\"dateModified\":\"2022-11-16T15:51:47+00:00\",\"mainEntityOfPage\":{\"@id\":\"https:\/\/jmj2023-morbihan.fr\/index.php\/2022\/11\/16\/11-bonnes-raisons-de-participer-aux-jmj-de-lisbonne-avec-le-morbihan\/\"},\"wordCount\":825,\"publisher\":{\"@id\":\"https:\/\/jmj2023-morbihan.fr\/#organization\"},\"articleSection\":[\"NEWS\"],\"inLanguage\":\"fr-FR\"},{\"@type\":\"WebPage\",\"@id\":\"https:\/\/jmj2023-morbihan.fr\/index.php\/2022\/11\/16\/11-bonnes-raisons-de-participer-aux-jmj-de-lisbonne-avec-le-morbihan\/\",\"url\":\"https:\/\/jmj2023-morbihan.fr\/index.php\/2022\/11\/16\/11-bonnes-raisons-de-participer-aux-jmj-de-lisbonne-avec-le-morbihan\/\",\"name\":\"11 bonnes raisons de participer aux JMJ 2023 de Lisbonne avec le Morbihan - JMJ 2023 LISBONNE : PARS AVEC LE MORBIHAN\",\"isPartOf\":{\"@id\":\"https:\/\/jmj2023-morbihan.fr\/#website\"},\"datePublished\":\"2022-11-16T15:51:47+00:00\",\"dateModified\":\"2022-11-16T15:51:47+00:00\",\"breadcrumb\":{\"@id\":\"https:\/\/jmj2023-morbihan.fr\/index.php\/2022\/11\/16\/11-bonnes-raisons-de-participer-aux-jmj-de-lisbonne-avec-le-morbihan\/#breadcrumb\"},\"inLanguage\":\"fr-FR\",\"potentialAction\":[{\"@type\":\"ReadAction\",\"target\":[\"https:\/\/jmj2023-morbihan.fr\/index.php\/2022\/11\/16\/11-bonnes-raisons-de-participer-aux-jmj-de-lisbonne-avec-le-morbihan\/\"]}]},{\"@type\":\"BreadcrumbList\",\"@id\":\"https:\/\/jmj2023-morbihan.fr\/index.php\/2022\/11\/16\/11-bonnes-raisons-de-participer-aux-jmj-de-lisbonne-avec-le-morbihan\/#breadcrumb\",\"itemListElement\":[{\"@type\":\"ListItem\",\"position\":1,\"name\":\"Accueil\",\"item\":\"https:\/\/jmj2023-morbihan.fr\/\"},{\"@type\":\"ListItem\",\"position\":2,\"name\":\"11 bonnes raisons de participer aux JMJ 2023 de Lisbonne avec le Morbihan\"}]},{\"@type\":\"WebSite\",\"@id\":\"https:\/\/jmj2023-morbihan.fr\/#website\",\"url\":\"https:\/\/jmj2023-morbihan.fr\/\",\"name\":\"JMJ 2023 LISBONNE : PARS AVEC LE MORBIHAN\",\"description\":\"Le site des Journ\u00e9es Mondiales de la Jeunesse 2023 pour le dioc\u00e8se de Vannes (Morbihan)\",\"publisher\":{\"@id\":\"https:\/\/jmj2023-morbihan.fr\/#organization\"},\"potentialAction\":[{\"@type\":\"SearchAction\",\"target\":{\"@type\":\"EntryPoint\",\"urlTemplate\":\"https:\/\/jmj2023-morbihan.fr\/?s={search_term_string}\"},\"query-input\":\"required name=search_term_string\"}],\"inLanguage\":\"fr-FR\"},{\"@type\":\"Organization\",\"@id\":\"https:\/\/jmj2023-morbihan.fr\/#organization\",\"name\":\"JMJ 2023 LISBONNE : PARS AVEC LE MORBIHAN\",\"url\":\"https:\/\/jmj2023-morbihan.fr\/\",\"logo\":{\"@type\":\"ImageObject\",\"inLanguage\":\"fr-FR\",\"@id\":\"https:\/\/jmj2023-morbihan.fr\/#\/schema\/logo\/image\/\",\"url\":\"https:\/\/jmj2023-morbihan.fr\/wp-content\/uploads\/2022\/11\/jmj2023-morbihan-lisbonne-logo-rond.png\",\"contentUrl\":\"https:\/\/jmj2023-morbihan.fr\/wp-content\/uploads\/2022\/11\/jmj2023-morbihan-lisbonne-logo-rond.png\",\"width\":200,\"height\":200,\"caption\":\"JMJ 2023 LISBONNE : PARS AVEC LE MORBIHAN\"},\"image\":{\"@id\":\"https:\/\/jmj2023-morbihan.fr\/#\/schema\/logo\/image\/\"},\"sameAs\":[\"https:\/\/www.facebook.com\/jmj2023morbihan\",\"https:\/\/www.instagram.com\/jmj2023morbihan\/\"]},{\"@type\":\"Person\",\"@id\":\"https:\/\/jmj2023-morbihan.fr\/#\/schema\/person\/59ba06dd8bf4d58e67e7dc27bdd168d3\",\"name\":\"Service communication du dioc\u00e8se de Vannes\",\"image\":{\"@type\":\"ImageObject\",\"inLanguage\":\"fr-FR\",\"@id\":\"https:\/\/jmj2023-morbihan.fr\/#\/schema\/person\/image\/\",\"url\":\"https:\/\/secure.gravatar.com\/avatar\/c02cb4dcd1c3649b78af1db31669cd264328e4327b97b9859b122e61c771f8b0?s=96&d=mm&r=g\",\"contentUrl\":\"https:\/\/secure.gravatar.com\/avatar\/c02cb4dcd1c3649b78af1db31669cd264328e4327b97b9859b122e61c771f8b0?s=96&d=mm&r=g\",\"caption\":\"Service communication du dioc\u00e8se de Vannes\"},\"sameAs\":[\"http:\/\/jmj2023-morbihan.fr\"],\"url\":\"https:\/\/jmj2023-morbihan.fr\/index.php\/author\/admin2937\/\"}]}<\/script>\n<!-- \/ Yoast SEO plugin. -->","yoast_head_json":{"title":"11 bonnes raisons de participer aux JMJ 2023 de Lisbonne avec le Morbihan - JMJ 2023 LISBONNE : PARS AVEC LE MORBIHAN","robots":{"index":"index","follow":"follow","max-snippet":"max-snippet:-1","max-image-preview":"max-image-preview:large","max-video-preview":"max-video-preview:-1"},"canonical":"https:\/\/jmj2023-morbihan.fr\/index.php\/2022\/11\/16\/11-bonnes-raisons-de-participer-aux-jmj-de-lisbonne-avec-le-morbihan\/","og_locale":"fr_FR","og_type":"article","og_title":"11 bonnes raisons de participer aux JMJ 2023 de Lisbonne avec le Morbihan - JMJ 2023 LISBONNE : PARS AVEC LE MORBIHAN","og_description":"Tu te poses encore la question de savoir si tu pars aux JMJ en 2023 avec le dioc\u00e8se du Morbihan ? Voici 11 bonnes raisons pour nous rejoindre dans cette aventure spirituelle et humaine exceptionnelle ! 1. \u00catre avec le pape Les JMJ 2023 sont l\u2019occasion pour toi de passer quelques jours aupr\u00e8s du pape. &hellip; 11 bonnes raisons de participer aux JMJ 2023 de Lisbonne avec le Morbihan Lire la suite\u00a0\u00bb","og_url":"https:\/\/jmj2023-morbihan.fr\/index.php\/2022\/11\/16\/11-bonnes-raisons-de-participer-aux-jmj-de-lisbonne-avec-le-morbihan\/","og_site_name":"JMJ 2023 LISBONNE : PARS AVEC LE MORBIHAN","article_publisher":"https:\/\/www.facebook.com\/jmj2023morbihan","article_published_time":"2022-11-16T15:51:47+00:00","og_image":[{"url":"http:\/\/jmj2023-morbihan.fr\/wp-content\/uploads\/2022\/11\/11-bonnes-raisons-de-participer-aux-jmj2023-de-lisbonne-avec-le-morbihan-01-etre-avec-pape-francois.jpg"}],"author":"Service communication du dioc\u00e8se de Vannes","twitter_card":"summary_large_image","twitter_misc":{"\u00c9crit par":"Service communication du dioc\u00e8se de Vannes","Dur\u00e9e de lecture estim\u00e9e":"4 minutes"},"schema":{"@context":"https:\/\/schema.org","@graph":[{"@type":"Article","@id":"https:\/\/jmj2023-morbihan.fr\/index.php\/2022\/11\/16\/11-bonnes-raisons-de-participer-aux-jmj-de-lisbonne-avec-le-morbihan\/#article","isPartOf":{"@id":"https:\/\/jmj2023-morbihan.fr\/index.php\/2022\/11\/16\/11-bonnes-raisons-de-participer-aux-jmj-de-lisbonne-avec-le-morbihan\/"},"author":{"name":"Service communication du dioc\u00e8se de Vannes","@id":"https:\/\/jmj2023-morbihan.fr\/#\/schema\/person\/59ba06dd8bf4d58e67e7dc27bdd168d3"},"headline":"11 bonnes raisons de participer aux JMJ 2023 de Lisbonne avec le Morbihan","datePublished":"2022-11-16T15:51:47+00:00","dateModified":"2022-11-16T15:51:47+00:00","mainEntityOfPage":{"@id":"https:\/\/jmj2023-morbihan.fr\/index.php\/2022\/11\/16\/11-bonnes-raisons-de-participer-aux-jmj-de-lisbonne-avec-le-morbihan\/"},"wordCount":825,"publisher":{"@id":"https:\/\/jmj2023-morbihan.fr\/#organization"},"articleSection":["NEWS"],"inLanguage":"fr-FR"},{"@type":"WebPage","@id":"https:\/\/jmj2023-morbihan.fr\/index.php\/2022\/11\/16\/11-bonnes-raisons-de-participer-aux-jmj-de-lisbonne-avec-le-morbihan\/","url":"https:\/\/jmj2023-morbihan.fr\/index.php\/2022\/11\/16\/11-bonnes-raisons-de-participer-aux-jmj-de-lisbonne-avec-le-morbihan\/","name":"11 bonnes raisons de participer aux JMJ 2023 de Lisbonne avec le Morbihan - JMJ 2023 LISBONNE : PARS AVEC LE MORBIHAN","isPartOf":{"@id":"https:\/\/jmj2023-morbihan.fr\/#website"},"datePublished":"2022-11-16T15:51:47+00:00","dateModified":"2022-11-16T15:51:47+00:00","breadcrumb":{"@id":"https:\/\/jmj2023-morbihan.fr\/index.php\/2022\/11\/16\/11-bonnes-raisons-de-participer-aux-jmj-de-lisbonne-avec-le-morbihan\/#breadcrumb"},"inLanguage":"fr-FR","potentialAction":[{"@type":"ReadAction","target":["https:\/\/jmj2023-morbihan.fr\/index.php\/2022\/11\/16\/11-bonnes-raisons-de-participer-aux-jmj-de-lisbonne-avec-le-morbihan\/"]}]},{"@type":"BreadcrumbList","@id":"https:\/\/jmj2023-morbihan.fr\/index.php\/2022\/11\/16\/11-bonnes-raisons-de-participer-aux-jmj-de-lisbonne-avec-le-morbihan\/#breadcrumb","itemListElement":[{"@type":"ListItem","position":1,"name":"Accueil","item":"https:\/\/jmj2023-morbihan.fr\/"},{"@type":"ListItem","position":2,"name":"11 bonnes raisons de participer aux JMJ 2023 de Lisbonne avec le Morbihan"}]},{"@type":"WebSite","@id":"https:\/\/jmj2023-morbihan.fr\/#website","url":"https:\/\/jmj2023-morbihan.fr\/","name":"JMJ 2023 LISBONNE : PARS AVEC LE MORBIHAN","description":"Le site des Journ\u00e9es Mondiales de la Jeunesse 2023 pour le dioc\u00e8se de Vannes (Morbihan)","publisher":{"@id":"https:\/\/jmj2023-morbihan.fr\/#organization"},"potentialAction":[{"@type":"SearchAction","target":{"@type":"EntryPoint","urlTemplate":"https:\/\/jmj2023-morbihan.fr\/?s={search_term_string}"},"query-input":"required name=search_term_string"}],"inLanguage":"fr-FR"},{"@type":"Organization","@id":"https:\/\/jmj2023-morbihan.fr\/#organization","name":"JMJ 2023 LISBONNE : PARS AVEC LE MORBIHAN","url":"https:\/\/jmj2023-morbihan.fr\/","logo":{"@type":"ImageObject","inLanguage":"fr-FR","@id":"https:\/\/jmj2023-morbihan.fr\/#\/schema\/logo\/image\/","url":"https:\/\/jmj2023-morbihan.fr\/wp-content\/uploads\/2022\/11\/jmj2023-morbihan-lisbonne-logo-rond.png","contentUrl":"https:\/\/jmj2023-morbihan.fr\/wp-content\/uploads\/2022\/11\/jmj2023-morbihan-lisbonne-logo-rond.png","width":200,"height":200,"caption":"JMJ 2023 LISBONNE : PARS AVEC LE MORBIHAN"},"image":{"@id":"https:\/\/jmj2023-morbihan.fr\/#\/schema\/logo\/image\/"},"sameAs":["https:\/\/www.facebook.com\/jmj2023morbihan","https:\/\/www.instagram.com\/jmj2023morbihan\/"]},{"@type":"Person","@id":"https:\/\/jmj2023-morbihan.fr\/#\/schema\/person\/59ba06dd8bf4d58e67e7dc27bdd168d3","name":"Service communication du dioc\u00e8se de Vannes","image":{"@type":"ImageObject","inLanguage":"fr-FR","@id":"https:\/\/jmj2023-morbihan.fr\/#\/schema\/person\/image\/","url":"https:\/\/secure.gravatar.com\/avatar\/c02cb4dcd1c3649b78af1db31669cd264328e4327b97b9859b122e61c771f8b0?s=96&d=mm&r=g","contentUrl":"https:\/\/secure.gravatar.com\/avatar\/c02cb4dcd1c3649b78af1db31669cd264328e4327b97b9859b122e61c771f8b0?s=96&d=mm&r=g","caption":"Service communication du dioc\u00e8se de Vannes"},"sameAs":["http:\/\/jmj2023-morbihan.fr"],"url":"https:\/\/jmj2023-morbihan.fr\/index.php\/author\/admin2937\/"}]}},"jetpack_featured_media_url":"","_links":{"self":[{"href":"https:\/\/jmj2023-morbihan.fr\/index.php\/wp-json\/wp\/v2\/posts\/136","targetHints":{"allow":["GET"]}}],"collection":[{"href":"https:\/\/jmj2023-morbihan.fr\/index.php\/wp-json\/wp\/v2\/posts"}],"about":[{"href":"https:\/\/jmj2023-morbihan.fr\/index.php\/wp-json\/wp\/v2\/types\/post"}],"author":[{"embeddable":true,"href":"https:\/\/jmj2023-morbihan.fr\/index.php\/wp-json\/wp\/v2\/users\/1"}],"replies":[{"embeddable":true,"href":"https:\/\/jmj2023-morbihan.fr\/index.php\/wp-json\/wp\/v2\/comments?post=136"}],"version-history":[{"count":5,"href":"https:\/\/jmj2023-morbihan.fr\/index.php\/wp-json\/wp\/v2\/posts\/136\/revisions"}],"predecessor-version":[{"id":153,"href":"https:\/\/jmj2023-morbihan.fr\/index.php\/wp-json\/wp\/v2\/posts\/136\/revisions\/153"}],"wp:attachment":[{"href":"https:\/\/jmj2023-morbihan.fr\/index.php\/wp-json\/wp\/v2\/media?parent=136"}],"wp:term":[{"taxonomy":"category","embeddable":true,"href":"https:\/\/jmj2023-morbihan.fr\/index.php\/wp-json\/wp\/v2\/categories?post=136"},{"taxonomy":"post_tag","embeddable":true,"href":"https:\/\/jmj2023-morbihan.fr\/index.php\/wp-json\/wp\/v2\/tags?post=136"}],"curies":[{"name":"wp","href":"https:\/\/api.w.org\/{rel}","templated":true}]}}