{"id":247,"date":"2022-12-09T11:33:33","date_gmt":"2022-12-09T10:33:33","guid":{"rendered":"https:\/\/jmj2023-morbihan.fr\/?p=247"},"modified":"2022-12-16T14:22:13","modified_gmt":"2022-12-16T13:22:13","slug":"retour-sur-la-jmj-diocesaine-a-sainte-anne-dauray","status":"publish","type":"post","link":"https:\/\/jmj2023-morbihan.fr\/index.php\/2022\/12\/09\/retour-sur-la-jmj-diocesaine-a-sainte-anne-dauray\/","title":{"rendered":"Retour sur la JMJ dioc\u00e9saine \u00e0 Sainte-Anne d&rsquo;Auray"},"content":{"rendered":"\n<p>Le 19 novembre 2022, une centaine de lyc\u00e9ens de 15 \u00e0 18 ans de tout le dioc\u00e8se du Morbihan se sont rassembl\u00e9s \u00e0 Sainte-Anne-d\u2019Auray pour c\u00e9l\u00e9brer localement la journ\u00e9e mondiale de la jeunesse : une exp\u00e9rience de communion eccl\u00e9siale \u00e0 l\u2019\u00e9chelle du dioc\u00e8se qui se veut aussi une \u00e9tape dans la pr\u00e9paration des prochaines JMJ2023 internationales. \u00ab Le but \u00e9tait qu\u2019ils se rencontrent pour amorcer la coh\u00e9sion du groupe et \u00ab\u00a0monter le feu\u00a0\u00bb dans la perspective de Lisbonne \u00e0 l\u2019\u00e9t\u00e9 2023 ! \u00bb, souligne Isabelle, animatrice en pastorale \u00e0 Pontivy.<\/p>\n\n\n\n<p>Marche vers le sanctuaire, approfondissement du th\u00e8me des JMJ2023, d\u00e9couverte de <a href=\"http:\/\/jmj2023-morbihan.fr\/index.php\/2022\/11\/18\/d-un-seul-coeur-hymne-officiel-des-jmj2023-en-francais\/\">l\u2019hymne officiel<\/a>, grand jeu, messe, veill\u00e9e festive, temps de pri\u00e8re et d\u2019adoration\u2026 \u00ab \u00ab\u00a0Marie se leva en h\u00e2te\u00a0\u00bb : nous aussi, nous voulons nous lever \u00e0 l\u2019appel du Seigneur, pour aller aux JMJ2023, rencontrer d\u2019autres chr\u00e9tiens et c\u00e9l\u00e9brer notre Dieu ! \u00bb<\/p>\n\n\n\n<figure class=\"wp-block-embed is-type-video is-provider-youtube wp-block-embed-youtube wp-embed-aspect-16-9 wp-has-aspect-ratio\"><div class=\"wp-block-embed__wrapper\">\n<div class=\"ast-oembed-container\" style=\"height: 100%;\"><iframe loading=\"lazy\" title=\"JMJ dioc\u00e9saine \u00e0 Sainte Anne d&#039;Auray\" width=\"500\" height=\"281\" src=\"https:\/\/www.youtube.com\/embed\/lWYSowXTiWE?feature=oembed\" frameborder=\"0\" allow=\"accelerometer; autoplay; clipboard-write; encrypted-media; gyroscope; picture-in-picture; web-share\" referrerpolicy=\"strict-origin-when-cross-origin\" allowfullscreen><\/iframe><\/div>\n<\/div><\/figure>\n","protected":false},"excerpt":{"rendered":"<p>Le 19 novembre 2022, une centaine de lyc\u00e9ens de 15 \u00e0 18 ans de tout le dioc\u00e8se du Morbihan se sont rassembl\u00e9s \u00e0 Sainte-Anne-d\u2019Auray pour c\u00e9l\u00e9brer localement la journ\u00e9e mondiale de la jeunesse : une exp\u00e9rience de communion eccl\u00e9siale \u00e0 l\u2019\u00e9chelle du dioc\u00e8se qui se veut aussi une \u00e9tape dans la pr\u00e9paration des prochaines JMJ2023 &hellip;<\/p>\n<p class=\"read-more\"> <a class=\"\" href=\"https:\/\/jmj2023-morbihan.fr\/index.php\/2022\/12\/09\/retour-sur-la-jmj-diocesaine-a-sainte-anne-dauray\/\"> <span class=\"screen-reader-text\">Retour sur la JMJ dioc\u00e9saine \u00e0 Sainte-Anne d&rsquo;Auray<\/span> Lire la suite\u00a0\u00bb<\/a><\/p>\n","protected":false},"author":2,"featured_media":275,"comment_status":"closed","ping_status":"closed","sticky":false,"template":"","format":"standard","meta":{"site-sidebar-layout":"default","site-content-layout":"default","ast-global-header-display":"","ast-main-header-display":"","ast-hfb-above-header-display":"","ast-hfb-below-header-display":"","ast-hfb-mobile-header-display":"","site-post-title":"","ast-breadcrumbs-content":"","ast-featured-img":"","footer-sml-layout":"","theme-transparent-header-meta":"","adv-header-id-meta":"","stick-header-meta":"","header-above-stick-meta":"","header-main-stick-meta":"","header-below-stick-meta":"","footnotes":""},"categories":[5],"tags":[],"class_list":["post-247","post","type-post","status-publish","format-standard","has-post-thumbnail","hentry","category-news"],"yoast_head":"<!-- This site is optimized with the Yoast SEO plugin v20.3 - https:\/\/yoast.com\/wordpress\/plugins\/seo\/ -->\n<title>Retour sur la JMJ dioc\u00e9saine \u00e0 Sainte-Anne d&#039;Auray - JMJ 2023 LISBONNE : PARS AVEC LE MORBIHAN<\/title>\n<meta name=\"robots\" content=\"index, follow, max-snippet:-1, max-image-preview:large, max-video-preview:-1\" \/>\n<link rel=\"canonical\" href=\"https:\/\/jmj2023-morbihan.fr\/index.php\/2022\/12\/09\/retour-sur-la-jmj-diocesaine-a-sainte-anne-dauray\/\" \/>\n<meta property=\"og:locale\" content=\"fr_FR\" \/>\n<meta property=\"og:type\" content=\"article\" \/>\n<meta property=\"og:title\" content=\"Retour sur la JMJ dioc\u00e9saine \u00e0 Sainte-Anne d&#039;Auray - JMJ 2023 LISBONNE : PARS AVEC LE MORBIHAN\" \/>\n<meta property=\"og:description\" content=\"Le 19 novembre 2022, une centaine de lyc\u00e9ens de 15 \u00e0 18 ans de tout le dioc\u00e8se du Morbihan se sont rassembl\u00e9s \u00e0 Sainte-Anne-d\u2019Auray pour c\u00e9l\u00e9brer localement la journ\u00e9e mondiale de la jeunesse : une exp\u00e9rience de communion eccl\u00e9siale \u00e0 l\u2019\u00e9chelle du dioc\u00e8se qui se veut aussi une \u00e9tape dans la pr\u00e9paration des prochaines JMJ2023 &hellip; Retour sur la JMJ dioc\u00e9saine \u00e0 Sainte-Anne d&rsquo;Auray Lire la suite\u00a0\u00bb\" \/>\n<meta property=\"og:url\" content=\"https:\/\/jmj2023-morbihan.fr\/index.php\/2022\/12\/09\/retour-sur-la-jmj-diocesaine-a-sainte-anne-dauray\/\" \/>\n<meta property=\"og:site_name\" content=\"JMJ 2023 LISBONNE : PARS AVEC LE MORBIHAN\" \/>\n<meta property=\"article:publisher\" content=\"https:\/\/www.facebook.com\/jmj2023morbihan\" \/>\n<meta property=\"article:published_time\" content=\"2022-12-09T10:33:33+00:00\" \/>\n<meta property=\"article:modified_time\" content=\"2022-12-16T13:22:13+00:00\" \/>\n<meta property=\"og:image\" content=\"https:\/\/jmj2023-morbihan.fr\/wp-content\/uploads\/2022\/12\/jmj2023-journee-preparation-sainte-anne-d-auray.jpg\" \/>\n\t<meta property=\"og:image:width\" content=\"539\" \/>\n\t<meta property=\"og:image:height\" content=\"541\" \/>\n\t<meta property=\"og:image:type\" content=\"image\/jpeg\" \/>\n<meta name=\"author\" content=\"\u00c9quipe com&#039; JMJ Morbihan\" \/>\n<meta name=\"twitter:card\" content=\"summary_large_image\" \/>\n<meta name=\"twitter:label1\" content=\"\u00c9crit par\" \/>\n\t<meta name=\"twitter:data1\" content=\"\u00c9quipe com' JMJ Morbihan\" \/>\n\t<meta name=\"twitter:label2\" content=\"Dur\u00e9e de lecture estim\u00e9e\" \/>\n\t<meta name=\"twitter:data2\" content=\"1 minute\" \/>\n<script type=\"application\/ld+json\" class=\"yoast-schema-graph\">{\"@context\":\"https:\/\/schema.org\",\"@graph\":[{\"@type\":\"Article\",\"@id\":\"https:\/\/jmj2023-morbihan.fr\/index.php\/2022\/12\/09\/retour-sur-la-jmj-diocesaine-a-sainte-anne-dauray\/#article\",\"isPartOf\":{\"@id\":\"https:\/\/jmj2023-morbihan.fr\/index.php\/2022\/12\/09\/retour-sur-la-jmj-diocesaine-a-sainte-anne-dauray\/\"},\"author\":{\"name\":\"\u00c9quipe com' JMJ Morbihan\",\"@id\":\"https:\/\/jmj2023-morbihan.fr\/#\/schema\/person\/e3c4aa08f56cac91a126a58b8bc667d1\"},\"headline\":\"Retour sur la JMJ dioc\u00e9saine \u00e0 Sainte-Anne d&rsquo;Auray\",\"datePublished\":\"2022-12-09T10:33:33+00:00\",\"dateModified\":\"2022-12-16T13:22:13+00:00\",\"mainEntityOfPage\":{\"@id\":\"https:\/\/jmj2023-morbihan.fr\/index.php\/2022\/12\/09\/retour-sur-la-jmj-diocesaine-a-sainte-anne-dauray\/\"},\"wordCount\":163,\"publisher\":{\"@id\":\"https:\/\/jmj2023-morbihan.fr\/#organization\"},\"articleSection\":[\"NEWS\"],\"inLanguage\":\"fr-FR\"},{\"@type\":\"WebPage\",\"@id\":\"https:\/\/jmj2023-morbihan.fr\/index.php\/2022\/12\/09\/retour-sur-la-jmj-diocesaine-a-sainte-anne-dauray\/\",\"url\":\"https:\/\/jmj2023-morbihan.fr\/index.php\/2022\/12\/09\/retour-sur-la-jmj-diocesaine-a-sainte-anne-dauray\/\",\"name\":\"Retour sur la JMJ dioc\u00e9saine \u00e0 Sainte-Anne d'Auray - JMJ 2023 LISBONNE : PARS AVEC LE MORBIHAN\",\"isPartOf\":{\"@id\":\"https:\/\/jmj2023-morbihan.fr\/#website\"},\"datePublished\":\"2022-12-09T10:33:33+00:00\",\"dateModified\":\"2022-12-16T13:22:13+00:00\",\"breadcrumb\":{\"@id\":\"https:\/\/jmj2023-morbihan.fr\/index.php\/2022\/12\/09\/retour-sur-la-jmj-diocesaine-a-sainte-anne-dauray\/#breadcrumb\"},\"inLanguage\":\"fr-FR\",\"potentialAction\":[{\"@type\":\"ReadAction\",\"target\":[\"https:\/\/jmj2023-morbihan.fr\/index.php\/2022\/12\/09\/retour-sur-la-jmj-diocesaine-a-sainte-anne-dauray\/\"]}]},{\"@type\":\"BreadcrumbList\",\"@id\":\"https:\/\/jmj2023-morbihan.fr\/index.php\/2022\/12\/09\/retour-sur-la-jmj-diocesaine-a-sainte-anne-dauray\/#breadcrumb\",\"itemListElement\":[{\"@type\":\"ListItem\",\"position\":1,\"name\":\"Accueil\",\"item\":\"https:\/\/jmj2023-morbihan.fr\/\"},{\"@type\":\"ListItem\",\"position\":2,\"name\":\"Retour sur la JMJ dioc\u00e9saine \u00e0 Sainte-Anne d&rsquo;Auray\"}]},{\"@type\":\"WebSite\",\"@id\":\"https:\/\/jmj2023-morbihan.fr\/#website\",\"url\":\"https:\/\/jmj2023-morbihan.fr\/\",\"name\":\"JMJ 2023 LISBONNE : PARS AVEC LE MORBIHAN\",\"description\":\"Le site des Journ\u00e9es Mondiales de la Jeunesse 2023 pour le dioc\u00e8se de Vannes (Morbihan)\",\"publisher\":{\"@id\":\"https:\/\/jmj2023-morbihan.fr\/#organization\"},\"potentialAction\":[{\"@type\":\"SearchAction\",\"target\":{\"@type\":\"EntryPoint\",\"urlTemplate\":\"https:\/\/jmj2023-morbihan.fr\/?s={search_term_string}\"},\"query-input\":\"required name=search_term_string\"}],\"inLanguage\":\"fr-FR\"},{\"@type\":\"Organization\",\"@id\":\"https:\/\/jmj2023-morbihan.fr\/#organization\",\"name\":\"JMJ 2023 LISBONNE : PARS AVEC LE MORBIHAN\",\"url\":\"https:\/\/jmj2023-morbihan.fr\/\",\"logo\":{\"@type\":\"ImageObject\",\"inLanguage\":\"fr-FR\",\"@id\":\"https:\/\/jmj2023-morbihan.fr\/#\/schema\/logo\/image\/\",\"url\":\"https:\/\/jmj2023-morbihan.fr\/wp-content\/uploads\/2022\/11\/jmj2023-morbihan-lisbonne-logo-rond.png\",\"contentUrl\":\"https:\/\/jmj2023-morbihan.fr\/wp-content\/uploads\/2022\/11\/jmj2023-morbihan-lisbonne-logo-rond.png\",\"width\":200,\"height\":200,\"caption\":\"JMJ 2023 LISBONNE : PARS AVEC LE MORBIHAN\"},\"image\":{\"@id\":\"https:\/\/jmj2023-morbihan.fr\/#\/schema\/logo\/image\/\"},\"sameAs\":[\"https:\/\/www.facebook.com\/jmj2023morbihan\",\"https:\/\/www.instagram.com\/jmj2023morbihan\/\"]},{\"@type\":\"Person\",\"@id\":\"https:\/\/jmj2023-morbihan.fr\/#\/schema\/person\/e3c4aa08f56cac91a126a58b8bc667d1\",\"name\":\"\u00c9quipe com' JMJ Morbihan\",\"image\":{\"@type\":\"ImageObject\",\"inLanguage\":\"fr-FR\",\"@id\":\"https:\/\/jmj2023-morbihan.fr\/#\/schema\/person\/image\/\",\"url\":\"https:\/\/secure.gravatar.com\/avatar\/472dd6a0422fc63441e9279b77ab228870d99ced6aa41d85ac33e9475a065826?s=96&d=mm&r=g\",\"contentUrl\":\"https:\/\/secure.gravatar.com\/avatar\/472dd6a0422fc63441e9279b77ab228870d99ced6aa41d85ac33e9475a065826?s=96&d=mm&r=g\",\"caption\":\"\u00c9quipe com' JMJ Morbihan\"},\"url\":\"https:\/\/jmj2023-morbihan.fr\/index.php\/author\/isabelle-claquin\/\"}]}<\/script>\n<!-- \/ Yoast SEO plugin. -->","yoast_head_json":{"title":"Retour sur la JMJ dioc\u00e9saine \u00e0 Sainte-Anne d'Auray - JMJ 2023 LISBONNE : PARS AVEC LE MORBIHAN","robots":{"index":"index","follow":"follow","max-snippet":"max-snippet:-1","max-image-preview":"max-image-preview:large","max-video-preview":"max-video-preview:-1"},"canonical":"https:\/\/jmj2023-morbihan.fr\/index.php\/2022\/12\/09\/retour-sur-la-jmj-diocesaine-a-sainte-anne-dauray\/","og_locale":"fr_FR","og_type":"article","og_title":"Retour sur la JMJ dioc\u00e9saine \u00e0 Sainte-Anne d'Auray - JMJ 2023 LISBONNE : PARS AVEC LE MORBIHAN","og_description":"Le 19 novembre 2022, une centaine de lyc\u00e9ens de 15 \u00e0 18 ans de tout le dioc\u00e8se du Morbihan se sont rassembl\u00e9s \u00e0 Sainte-Anne-d\u2019Auray pour c\u00e9l\u00e9brer localement la journ\u00e9e mondiale de la jeunesse : une exp\u00e9rience de communion eccl\u00e9siale \u00e0 l\u2019\u00e9chelle du dioc\u00e8se qui se veut aussi une \u00e9tape dans la pr\u00e9paration des prochaines JMJ2023 &hellip; Retour sur la JMJ dioc\u00e9saine \u00e0 Sainte-Anne d&rsquo;Auray Lire la suite\u00a0\u00bb","og_url":"https:\/\/jmj2023-morbihan.fr\/index.php\/2022\/12\/09\/retour-sur-la-jmj-diocesaine-a-sainte-anne-dauray\/","og_site_name":"JMJ 2023 LISBONNE : PARS AVEC LE MORBIHAN","article_publisher":"https:\/\/www.facebook.com\/jmj2023morbihan","article_published_time":"2022-12-09T10:33:33+00:00","article_modified_time":"2022-12-16T13:22:13+00:00","og_image":[{"width":539,"height":541,"url":"https:\/\/jmj2023-morbihan.fr\/wp-content\/uploads\/2022\/12\/jmj2023-journee-preparation-sainte-anne-d-auray.jpg","type":"image\/jpeg"}],"author":"\u00c9quipe com' JMJ Morbihan","twitter_card":"summary_large_image","twitter_misc":{"\u00c9crit par":"\u00c9quipe com' JMJ Morbihan","Dur\u00e9e de lecture estim\u00e9e":"1 minute"},"schema":{"@context":"https:\/\/schema.org","@graph":[{"@type":"Article","@id":"https:\/\/jmj2023-morbihan.fr\/index.php\/2022\/12\/09\/retour-sur-la-jmj-diocesaine-a-sainte-anne-dauray\/#article","isPartOf":{"@id":"https:\/\/jmj2023-morbihan.fr\/index.php\/2022\/12\/09\/retour-sur-la-jmj-diocesaine-a-sainte-anne-dauray\/"},"author":{"name":"\u00c9quipe com' JMJ Morbihan","@id":"https:\/\/jmj2023-morbihan.fr\/#\/schema\/person\/e3c4aa08f56cac91a126a58b8bc667d1"},"headline":"Retour sur la JMJ dioc\u00e9saine \u00e0 Sainte-Anne d&rsquo;Auray","datePublished":"2022-12-09T10:33:33+00:00","dateModified":"2022-12-16T13:22:13+00:00","mainEntityOfPage":{"@id":"https:\/\/jmj2023-morbihan.fr\/index.php\/2022\/12\/09\/retour-sur-la-jmj-diocesaine-a-sainte-anne-dauray\/"},"wordCount":163,"publisher":{"@id":"https:\/\/jmj2023-morbihan.fr\/#organization"},"articleSection":["NEWS"],"inLanguage":"fr-FR"},{"@type":"WebPage","@id":"https:\/\/jmj2023-morbihan.fr\/index.php\/2022\/12\/09\/retour-sur-la-jmj-diocesaine-a-sainte-anne-dauray\/","url":"https:\/\/jmj2023-morbihan.fr\/index.php\/2022\/12\/09\/retour-sur-la-jmj-diocesaine-a-sainte-anne-dauray\/","name":"Retour sur la JMJ dioc\u00e9saine \u00e0 Sainte-Anne d'Auray - JMJ 2023 LISBONNE : PARS AVEC LE MORBIHAN","isPartOf":{"@id":"https:\/\/jmj2023-morbihan.fr\/#website"},"datePublished":"2022-12-09T10:33:33+00:00","dateModified":"2022-12-16T13:22:13+00:00","breadcrumb":{"@id":"https:\/\/jmj2023-morbihan.fr\/index.php\/2022\/12\/09\/retour-sur-la-jmj-diocesaine-a-sainte-anne-dauray\/#breadcrumb"},"inLanguage":"fr-FR","potentialAction":[{"@type":"ReadAction","target":["https:\/\/jmj2023-morbihan.fr\/index.php\/2022\/12\/09\/retour-sur-la-jmj-diocesaine-a-sainte-anne-dauray\/"]}]},{"@type":"BreadcrumbList","@id":"https:\/\/jmj2023-morbihan.fr\/index.php\/2022\/12\/09\/retour-sur-la-jmj-diocesaine-a-sainte-anne-dauray\/#breadcrumb","itemListElement":[{"@type":"ListItem","position":1,"name":"Accueil","item":"https:\/\/jmj2023-morbihan.fr\/"},{"@type":"ListItem","position":2,"name":"Retour sur la JMJ dioc\u00e9saine \u00e0 Sainte-Anne d&rsquo;Auray"}]},{"@type":"WebSite","@id":"https:\/\/jmj2023-morbihan.fr\/#website","url":"https:\/\/jmj2023-morbihan.fr\/","name":"JMJ 2023 LISBONNE : PARS AVEC LE MORBIHAN","description":"Le site des Journ\u00e9es Mondiales de la Jeunesse 2023 pour le dioc\u00e8se de Vannes (Morbihan)","publisher":{"@id":"https:\/\/jmj2023-morbihan.fr\/#organization"},"potentialAction":[{"@type":"SearchAction","target":{"@type":"EntryPoint","urlTemplate":"https:\/\/jmj2023-morbihan.fr\/?s={search_term_string}"},"query-input":"required name=search_term_string"}],"inLanguage":"fr-FR"},{"@type":"Organization","@id":"https:\/\/jmj2023-morbihan.fr\/#organization","name":"JMJ 2023 LISBONNE : PARS AVEC LE MORBIHAN","url":"https:\/\/jmj2023-morbihan.fr\/","logo":{"@type":"ImageObject","inLanguage":"fr-FR","@id":"https:\/\/jmj2023-morbihan.fr\/#\/schema\/logo\/image\/","url":"https:\/\/jmj2023-morbihan.fr\/wp-content\/uploads\/2022\/11\/jmj2023-morbihan-lisbonne-logo-rond.png","contentUrl":"https:\/\/jmj2023-morbihan.fr\/wp-content\/uploads\/2022\/11\/jmj2023-morbihan-lisbonne-logo-rond.png","width":200,"height":200,"caption":"JMJ 2023 LISBONNE : PARS AVEC LE MORBIHAN"},"image":{"@id":"https:\/\/jmj2023-morbihan.fr\/#\/schema\/logo\/image\/"},"sameAs":["https:\/\/www.facebook.com\/jmj2023morbihan","https:\/\/www.instagram.com\/jmj2023morbihan\/"]},{"@type":"Person","@id":"https:\/\/jmj2023-morbihan.fr\/#\/schema\/person\/e3c4aa08f56cac91a126a58b8bc667d1","name":"\u00c9quipe com' JMJ Morbihan","image":{"@type":"ImageObject","inLanguage":"fr-FR","@id":"https:\/\/jmj2023-morbihan.fr\/#\/schema\/person\/image\/","url":"https:\/\/secure.gravatar.com\/avatar\/472dd6a0422fc63441e9279b77ab228870d99ced6aa41d85ac33e9475a065826?s=96&d=mm&r=g","contentUrl":"https:\/\/secure.gravatar.com\/avatar\/472dd6a0422fc63441e9279b77ab228870d99ced6aa41d85ac33e9475a065826?s=96&d=mm&r=g","caption":"\u00c9quipe com' JMJ Morbihan"},"url":"https:\/\/jmj2023-morbihan.fr\/index.php\/author\/isabelle-claquin\/"}]}},"jetpack_featured_media_url":"https:\/\/jmj2023-morbihan.fr\/wp-content\/uploads\/2022\/12\/jmj2023-journee-preparation-sainte-anne-d-auray.jpg","_links":{"self":[{"href":"https:\/\/jmj2023-morbihan.fr\/index.php\/wp-json\/wp\/v2\/posts\/247","targetHints":{"allow":["GET"]}}],"collection":[{"href":"https:\/\/jmj2023-morbihan.fr\/index.php\/wp-json\/wp\/v2\/posts"}],"about":[{"href":"https:\/\/jmj2023-morbihan.fr\/index.php\/wp-json\/wp\/v2\/types\/post"}],"author":[{"embeddable":true,"href":"https:\/\/jmj2023-morbihan.fr\/index.php\/wp-json\/wp\/v2\/users\/2"}],"replies":[{"embeddable":true,"href":"https:\/\/jmj2023-morbihan.fr\/index.php\/wp-json\/wp\/v2\/comments?post=247"}],"version-history":[{"count":2,"href":"https:\/\/jmj2023-morbihan.fr\/index.php\/wp-json\/wp\/v2\/posts\/247\/revisions"}],"predecessor-version":[{"id":274,"href":"https:\/\/jmj2023-morbihan.fr\/index.php\/wp-json\/wp\/v2\/posts\/247\/revisions\/274"}],"wp:featuredmedia":[{"embeddable":true,"href":"https:\/\/jmj2023-morbihan.fr\/index.php\/wp-json\/wp\/v2\/media\/275"}],"wp:attachment":[{"href":"https:\/\/jmj2023-morbihan.fr\/index.php\/wp-json\/wp\/v2\/media?parent=247"}],"wp:term":[{"taxonomy":"category","embeddable":true,"href":"https:\/\/jmj2023-morbihan.fr\/index.php\/wp-json\/wp\/v2\/categories?post=247"},{"taxonomy":"post_tag","embeddable":true,"href":"https:\/\/jmj2023-morbihan.fr\/index.php\/wp-json\/wp\/v2\/tags?post=247"}],"curies":[{"name":"wp","href":"https:\/\/api.w.org\/{rel}","templated":true}]}}