{"id":381,"date":"2023-02-17T16:23:39","date_gmt":"2023-02-17T15:23:39","guid":{"rendered":"https:\/\/jmj2023-morbihan.fr\/?p=381"},"modified":"2023-02-17T16:29:28","modified_gmt":"2023-02-17T15:29:28","slug":"une-plantation-darbres-pour-compenser-limpact-carbone-des-jmj","status":"publish","type":"post","link":"https:\/\/jmj2023-morbihan.fr\/index.php\/2023\/02\/17\/une-plantation-darbres-pour-compenser-limpact-carbone-des-jmj\/","title":{"rendered":"Une plantation d&rsquo;arbres pour compenser l&rsquo;impact carbone des JMJ !"},"content":{"rendered":"\n<p>Les organisateurs des JMJ 2023 ont r\u00e9alis\u00e9 un partenariat avec la <a href=\"https:\/\/plantgrowsave.org\/\" target=\"_blank\" rel=\"noreferrer noopener\">Global Tree Initiative (GTI)<\/a>. Objectif :  planter des arbres pour sensibiliser \u00e0 l\u2019importance de la biodiversit\u00e9 et au changement climatique, en faisant prendre conscience de ses effets. Le pape Fran\u00e7ois rappelle que l&rsquo;impact des JMJ doit rester positif et durable :<\/p>\n\n\n\n<blockquote class=\"wp-block-quote is-layout-flow wp-block-quote-is-layout-flow\">\n<p><strong>\u00ab\u00a0L\u2019environnement est un bien collectif, le patrimoine de toute l\u2019humanit\u00e9, et la responsabilit\u00e9 de tous.\u00a0\u00bb<\/strong><\/p>\n<cite>Pape Fran\u00e7ois &#8211; <a href=\"https:\/\/www.vatican.va\/content\/francesco\/fr\/encyclicals\/documents\/papa-francesco_20150524_enciclica-laudato-si.html\" target=\"_blank\" rel=\"noreferrer noopener\">Laudato Si, 95<\/a><\/cite><\/blockquote>\n\n\n\n<p><em>Si l&rsquo;id\u00e9e vous int\u00e9resse, n&rsquo;h\u00e9sitez pas \u00e0 cliquer sur le lien pour plus de renseignements<\/em> :<\/p>\n\n\n\n<div class=\"wp-block-buttons is-layout-flex wp-block-buttons-is-layout-flex\">\n<div class=\"wp-block-button\"><a class=\"wp-block-button__link has-black-color has-text-color has-background wp-element-button\" href=\"https:\/\/jeunes-vocations.catholique.fr\/actualites\/310692-jmj-plante-des-arbres\/?utm_campaign=Newsletter%20du%20SNEJV&amp;utm_medium=email&amp;utm_source=Mailjet\" style=\"background-color:#97d76d\" target=\"_blank\" rel=\"noreferrer noopener\"><strong>Site Jeunes &amp; Vocations<\/strong><\/a><\/div>\n\n\n\n<div class=\"wp-block-button\"><a class=\"wp-block-button__link has-text-color has-background wp-element-button\" href=\"https:\/\/eglise.catholique.fr\/jmj-journees-mondiales-jeunesse\/jmj-2023-lisbonne\/\" style=\"color:#fbc112;background-color:#d63f31\" target=\"_blank\" rel=\"noreferrer noopener\"><strong>Site Journ\u00e9es Mondiales de la Jeunesse de Lisbonne<\/strong><\/a><\/div>\n<\/div>\n\n\n\n<p><\/p>\n\n\n\n<p><em>Pour participer, vous devez suivre cinq \u00e9tapes :<\/em> <\/p>\n\n\n\n<ol class=\"wp-block-list\">\n<li>Plantez votre ou vos arbres (toutes les indications <a href=\"https:\/\/plantgrowsave.org\/plantez-un-arbre\/?lang=fr\" target=\"_blank\" rel=\"noreferrer noopener\">ICI<\/a>)<\/li>\n\n\n\n<li>Allez sur <a href=\"http:\/\/plantgrowsave.org\" target=\"_blank\" rel=\"noreferrer noopener\">plantgrowsave.org<\/a><\/li>\n\n\n\n<li>Dans l&rsquo;onglet &lsquo;Rapport&rsquo;, remplissez le <a href=\"https:\/\/plantgrowsave.org\/rapport\/?lang=fr\" target=\"_blank\" rel=\"noreferrer noopener\">formulaire <\/a>(N&rsquo;oubliez pas de s\u00e9lectionner JMJ Lisboa 2023)<\/li>\n\n\n\n<li>Retrouvez votre arbre sur la <a href=\"https:\/\/plantgrowsave.org\/impact\/?lang=fr\" target=\"_blank\" rel=\"noreferrer noopener\">carte du monde<\/a><\/li>\n\n\n\n<li>Partagez votre action sur les r\u00e9seaux sociaux<\/li>\n<\/ol>\n\n\n\n<p><\/p>\n\n\n\n<p class=\"has-medium-font-size\"><strong>Rejoignez ce mouvement !<\/strong> \ud83d\udce2\ud83d\udce2<\/p>\n\n\n\n<figure class=\"wp-block-image alignright size-thumbnail is-resized\"><a href=\"https:\/\/www.facebook.com\/plantgrowsave\"><img loading=\"lazy\" decoding=\"async\" src=\"https:\/\/www.vannes.catholique.fr\/wp-content\/uploads\/2020\/01\/ic\u00f4ne-facebook-135x135.png\" alt=\"\" class=\"wp-image-49960\" width=\"126\" height=\"126\"\/><\/a><\/figure>\n\n\n\n<p class=\"has-background\" style=\"background-color:#97d76d\"><span style=\"text-decoration: underline;\"><strong>Plus d&rsquo;informations :<\/strong> <\/span><br><br><strong>\u2709<\/strong> sustentabilidade@lisboa2023.org<br><em><strong>Source :<\/strong><\/em> <a href=\"https:\/\/lisboa2023.org\/en\/lisbon2023\/world-tree-planting\" target=\"_blank\" rel=\"noreferrer noopener\">https:\/\/lisboa2023.org\/en\/lisbon2023\/world-tree-planting<\/a><br><\/p>\n\n\n\n<figure class=\"wp-block-image size-large\"><a href=\"https:\/\/plantgrowsave.org\/35-trees-planted-in-name-of-world-youth-day-lisbon-2023\/\" target=\"_blank\" rel=\"noreferrer noopener\"><img loading=\"lazy\" decoding=\"async\" width=\"1024\" height=\"648\" src=\"https:\/\/jmj2023-morbihan.fr\/wp-content\/uploads\/2023\/02\/Groupe-jeunes-\u00a9Global-Tree-initiative-2023-corrigee-1024x648.jpg\" alt=\"\" class=\"wp-image-383\" srcset=\"https:\/\/jmj2023-morbihan.fr\/wp-content\/uploads\/2023\/02\/Groupe-jeunes-\u00a9Global-Tree-initiative-2023-corrigee-1024x648.jpg 1024w, https:\/\/jmj2023-morbihan.fr\/wp-content\/uploads\/2023\/02\/Groupe-jeunes-\u00a9Global-Tree-initiative-2023-corrigee-300x190.jpg 300w, https:\/\/jmj2023-morbihan.fr\/wp-content\/uploads\/2023\/02\/Groupe-jeunes-\u00a9Global-Tree-initiative-2023-corrigee-768x486.jpg 768w, https:\/\/jmj2023-morbihan.fr\/wp-content\/uploads\/2023\/02\/Groupe-jeunes-\u00a9Global-Tree-initiative-2023-corrigee.jpg 1070w\" sizes=\"auto, (max-width: 1024px) 100vw, 1024px\" \/><\/a><figcaption class=\"wp-element-caption\">\u00a9Global Tree Initiative<\/figcaption><\/figure>\n","protected":false},"excerpt":{"rendered":"<p>Les organisateurs des JMJ 2023 ont r\u00e9alis\u00e9 un partenariat avec la Global Tree Initiative (GTI). Objectif : planter des arbres pour sensibiliser \u00e0 l\u2019importance de la biodiversit\u00e9 et au changement climatique, en faisant prendre conscience de ses effets. Le pape Fran\u00e7ois rappelle que l&rsquo;impact des JMJ doit rester positif et durable : \u00ab\u00a0L\u2019environnement est un &hellip;<\/p>\n<p class=\"read-more\"> <a class=\"\" href=\"https:\/\/jmj2023-morbihan.fr\/index.php\/2023\/02\/17\/une-plantation-darbres-pour-compenser-limpact-carbone-des-jmj\/\"> <span class=\"screen-reader-text\">Une plantation d&rsquo;arbres pour compenser l&rsquo;impact carbone des JMJ !<\/span> Lire la suite\u00a0\u00bb<\/a><\/p>\n","protected":false},"author":2,"featured_media":382,"comment_status":"closed","ping_status":"closed","sticky":false,"template":"","format":"standard","meta":{"site-sidebar-layout":"default","site-content-layout":"default","ast-global-header-display":"","ast-main-header-display":"","ast-hfb-above-header-display":"","ast-hfb-below-header-display":"","ast-hfb-mobile-header-display":"","site-post-title":"","ast-breadcrumbs-content":"","ast-featured-img":"","footer-sml-layout":"","theme-transparent-header-meta":"","adv-header-id-meta":"","stick-header-meta":"","header-above-stick-meta":"","header-main-stick-meta":"","header-below-stick-meta":"","footnotes":""},"categories":[5],"tags":[],"class_list":["post-381","post","type-post","status-publish","format-standard","has-post-thumbnail","hentry","category-news"],"yoast_head":"<!-- This site is optimized with the Yoast SEO plugin v20.3 - https:\/\/yoast.com\/wordpress\/plugins\/seo\/ -->\n<title>Une plantation d&#039;arbres pour compenser l&#039;impact carbone des JMJ ! - JMJ 2023 LISBONNE : PARS AVEC LE MORBIHAN<\/title>\n<meta name=\"robots\" content=\"index, follow, max-snippet:-1, max-image-preview:large, max-video-preview:-1\" \/>\n<link rel=\"canonical\" href=\"https:\/\/jmj2023-morbihan.fr\/index.php\/2023\/02\/17\/une-plantation-darbres-pour-compenser-limpact-carbone-des-jmj\/\" \/>\n<meta property=\"og:locale\" content=\"fr_FR\" \/>\n<meta property=\"og:type\" content=\"article\" \/>\n<meta property=\"og:title\" content=\"Une plantation d&#039;arbres pour compenser l&#039;impact carbone des JMJ ! - JMJ 2023 LISBONNE : PARS AVEC LE MORBIHAN\" \/>\n<meta property=\"og:description\" content=\"Les organisateurs des JMJ 2023 ont r\u00e9alis\u00e9 un partenariat avec la Global Tree Initiative (GTI). Objectif : planter des arbres pour sensibiliser \u00e0 l\u2019importance de la biodiversit\u00e9 et au changement climatique, en faisant prendre conscience de ses effets. Le pape Fran\u00e7ois rappelle que l&rsquo;impact des JMJ doit rester positif et durable : \u00ab\u00a0L\u2019environnement est un &hellip; Une plantation d&rsquo;arbres pour compenser l&rsquo;impact carbone des JMJ ! Lire la suite\u00a0\u00bb\" \/>\n<meta property=\"og:url\" content=\"https:\/\/jmj2023-morbihan.fr\/index.php\/2023\/02\/17\/une-plantation-darbres-pour-compenser-limpact-carbone-des-jmj\/\" \/>\n<meta property=\"og:site_name\" content=\"JMJ 2023 LISBONNE : PARS AVEC LE MORBIHAN\" \/>\n<meta property=\"article:publisher\" content=\"https:\/\/www.facebook.com\/jmj2023morbihan\" \/>\n<meta property=\"article:published_time\" content=\"2023-02-17T15:23:39+00:00\" \/>\n<meta property=\"article:modified_time\" content=\"2023-02-17T15:29:28+00:00\" \/>\n<meta property=\"og:image\" content=\"https:\/\/jmj2023-morbihan.fr\/wp-content\/uploads\/2023\/02\/plantation-mondiale-900x450-1.png\" \/>\n\t<meta property=\"og:image:width\" content=\"900\" \/>\n\t<meta property=\"og:image:height\" content=\"450\" \/>\n\t<meta property=\"og:image:type\" content=\"image\/png\" \/>\n<meta name=\"author\" content=\"\u00c9quipe com&#039; JMJ Morbihan\" \/>\n<meta name=\"twitter:card\" content=\"summary_large_image\" \/>\n<meta name=\"twitter:label1\" content=\"\u00c9crit par\" \/>\n\t<meta name=\"twitter:data1\" content=\"\u00c9quipe com' JMJ Morbihan\" \/>\n\t<meta name=\"twitter:label2\" content=\"Dur\u00e9e de lecture estim\u00e9e\" \/>\n\t<meta name=\"twitter:data2\" content=\"2 minutes\" \/>\n<script type=\"application\/ld+json\" class=\"yoast-schema-graph\">{\"@context\":\"https:\/\/schema.org\",\"@graph\":[{\"@type\":\"Article\",\"@id\":\"https:\/\/jmj2023-morbihan.fr\/index.php\/2023\/02\/17\/une-plantation-darbres-pour-compenser-limpact-carbone-des-jmj\/#article\",\"isPartOf\":{\"@id\":\"https:\/\/jmj2023-morbihan.fr\/index.php\/2023\/02\/17\/une-plantation-darbres-pour-compenser-limpact-carbone-des-jmj\/\"},\"author\":{\"name\":\"\u00c9quipe com' JMJ Morbihan\",\"@id\":\"https:\/\/jmj2023-morbihan.fr\/#\/schema\/person\/e3c4aa08f56cac91a126a58b8bc667d1\"},\"headline\":\"Une plantation d&rsquo;arbres pour compenser l&rsquo;impact carbone des JMJ !\",\"datePublished\":\"2023-02-17T15:23:39+00:00\",\"dateModified\":\"2023-02-17T15:29:28+00:00\",\"mainEntityOfPage\":{\"@id\":\"https:\/\/jmj2023-morbihan.fr\/index.php\/2023\/02\/17\/une-plantation-darbres-pour-compenser-limpact-carbone-des-jmj\/\"},\"wordCount\":180,\"publisher\":{\"@id\":\"https:\/\/jmj2023-morbihan.fr\/#organization\"},\"articleSection\":[\"NEWS\"],\"inLanguage\":\"fr-FR\"},{\"@type\":\"WebPage\",\"@id\":\"https:\/\/jmj2023-morbihan.fr\/index.php\/2023\/02\/17\/une-plantation-darbres-pour-compenser-limpact-carbone-des-jmj\/\",\"url\":\"https:\/\/jmj2023-morbihan.fr\/index.php\/2023\/02\/17\/une-plantation-darbres-pour-compenser-limpact-carbone-des-jmj\/\",\"name\":\"Une plantation d'arbres pour compenser l'impact carbone des JMJ ! - JMJ 2023 LISBONNE : PARS AVEC LE MORBIHAN\",\"isPartOf\":{\"@id\":\"https:\/\/jmj2023-morbihan.fr\/#website\"},\"datePublished\":\"2023-02-17T15:23:39+00:00\",\"dateModified\":\"2023-02-17T15:29:28+00:00\",\"breadcrumb\":{\"@id\":\"https:\/\/jmj2023-morbihan.fr\/index.php\/2023\/02\/17\/une-plantation-darbres-pour-compenser-limpact-carbone-des-jmj\/#breadcrumb\"},\"inLanguage\":\"fr-FR\",\"potentialAction\":[{\"@type\":\"ReadAction\",\"target\":[\"https:\/\/jmj2023-morbihan.fr\/index.php\/2023\/02\/17\/une-plantation-darbres-pour-compenser-limpact-carbone-des-jmj\/\"]}]},{\"@type\":\"BreadcrumbList\",\"@id\":\"https:\/\/jmj2023-morbihan.fr\/index.php\/2023\/02\/17\/une-plantation-darbres-pour-compenser-limpact-carbone-des-jmj\/#breadcrumb\",\"itemListElement\":[{\"@type\":\"ListItem\",\"position\":1,\"name\":\"Accueil\",\"item\":\"https:\/\/jmj2023-morbihan.fr\/\"},{\"@type\":\"ListItem\",\"position\":2,\"name\":\"Une plantation d&rsquo;arbres pour compenser l&rsquo;impact carbone des JMJ !\"}]},{\"@type\":\"WebSite\",\"@id\":\"https:\/\/jmj2023-morbihan.fr\/#website\",\"url\":\"https:\/\/jmj2023-morbihan.fr\/\",\"name\":\"JMJ 2023 LISBONNE : PARS AVEC LE MORBIHAN\",\"description\":\"Le site des Journ\u00e9es Mondiales de la Jeunesse 2023 pour le dioc\u00e8se de Vannes (Morbihan)\",\"publisher\":{\"@id\":\"https:\/\/jmj2023-morbihan.fr\/#organization\"},\"potentialAction\":[{\"@type\":\"SearchAction\",\"target\":{\"@type\":\"EntryPoint\",\"urlTemplate\":\"https:\/\/jmj2023-morbihan.fr\/?s={search_term_string}\"},\"query-input\":\"required name=search_term_string\"}],\"inLanguage\":\"fr-FR\"},{\"@type\":\"Organization\",\"@id\":\"https:\/\/jmj2023-morbihan.fr\/#organization\",\"name\":\"JMJ 2023 LISBONNE : PARS AVEC LE MORBIHAN\",\"url\":\"https:\/\/jmj2023-morbihan.fr\/\",\"logo\":{\"@type\":\"ImageObject\",\"inLanguage\":\"fr-FR\",\"@id\":\"https:\/\/jmj2023-morbihan.fr\/#\/schema\/logo\/image\/\",\"url\":\"https:\/\/jmj2023-morbihan.fr\/wp-content\/uploads\/2022\/11\/jmj2023-morbihan-lisbonne-logo-rond.png\",\"contentUrl\":\"https:\/\/jmj2023-morbihan.fr\/wp-content\/uploads\/2022\/11\/jmj2023-morbihan-lisbonne-logo-rond.png\",\"width\":200,\"height\":200,\"caption\":\"JMJ 2023 LISBONNE : PARS AVEC LE MORBIHAN\"},\"image\":{\"@id\":\"https:\/\/jmj2023-morbihan.fr\/#\/schema\/logo\/image\/\"},\"sameAs\":[\"https:\/\/www.facebook.com\/jmj2023morbihan\",\"https:\/\/www.instagram.com\/jmj2023morbihan\/\"]},{\"@type\":\"Person\",\"@id\":\"https:\/\/jmj2023-morbihan.fr\/#\/schema\/person\/e3c4aa08f56cac91a126a58b8bc667d1\",\"name\":\"\u00c9quipe com' JMJ Morbihan\",\"image\":{\"@type\":\"ImageObject\",\"inLanguage\":\"fr-FR\",\"@id\":\"https:\/\/jmj2023-morbihan.fr\/#\/schema\/person\/image\/\",\"url\":\"https:\/\/secure.gravatar.com\/avatar\/472dd6a0422fc63441e9279b77ab228870d99ced6aa41d85ac33e9475a065826?s=96&d=mm&r=g\",\"contentUrl\":\"https:\/\/secure.gravatar.com\/avatar\/472dd6a0422fc63441e9279b77ab228870d99ced6aa41d85ac33e9475a065826?s=96&d=mm&r=g\",\"caption\":\"\u00c9quipe com' JMJ Morbihan\"},\"url\":\"https:\/\/jmj2023-morbihan.fr\/index.php\/author\/isabelle-claquin\/\"}]}<\/script>\n<!-- \/ Yoast SEO plugin. -->","yoast_head_json":{"title":"Une plantation d'arbres pour compenser l'impact carbone des JMJ ! - JMJ 2023 LISBONNE : PARS AVEC LE MORBIHAN","robots":{"index":"index","follow":"follow","max-snippet":"max-snippet:-1","max-image-preview":"max-image-preview:large","max-video-preview":"max-video-preview:-1"},"canonical":"https:\/\/jmj2023-morbihan.fr\/index.php\/2023\/02\/17\/une-plantation-darbres-pour-compenser-limpact-carbone-des-jmj\/","og_locale":"fr_FR","og_type":"article","og_title":"Une plantation d'arbres pour compenser l'impact carbone des JMJ ! - JMJ 2023 LISBONNE : PARS AVEC LE MORBIHAN","og_description":"Les organisateurs des JMJ 2023 ont r\u00e9alis\u00e9 un partenariat avec la Global Tree Initiative (GTI). Objectif : planter des arbres pour sensibiliser \u00e0 l\u2019importance de la biodiversit\u00e9 et au changement climatique, en faisant prendre conscience de ses effets. Le pape Fran\u00e7ois rappelle que l&rsquo;impact des JMJ doit rester positif et durable : \u00ab\u00a0L\u2019environnement est un &hellip; Une plantation d&rsquo;arbres pour compenser l&rsquo;impact carbone des JMJ ! Lire la suite\u00a0\u00bb","og_url":"https:\/\/jmj2023-morbihan.fr\/index.php\/2023\/02\/17\/une-plantation-darbres-pour-compenser-limpact-carbone-des-jmj\/","og_site_name":"JMJ 2023 LISBONNE : PARS AVEC LE MORBIHAN","article_publisher":"https:\/\/www.facebook.com\/jmj2023morbihan","article_published_time":"2023-02-17T15:23:39+00:00","article_modified_time":"2023-02-17T15:29:28+00:00","og_image":[{"width":900,"height":450,"url":"https:\/\/jmj2023-morbihan.fr\/wp-content\/uploads\/2023\/02\/plantation-mondiale-900x450-1.png","type":"image\/png"}],"author":"\u00c9quipe com' JMJ Morbihan","twitter_card":"summary_large_image","twitter_misc":{"\u00c9crit par":"\u00c9quipe com' JMJ Morbihan","Dur\u00e9e de lecture estim\u00e9e":"2 minutes"},"schema":{"@context":"https:\/\/schema.org","@graph":[{"@type":"Article","@id":"https:\/\/jmj2023-morbihan.fr\/index.php\/2023\/02\/17\/une-plantation-darbres-pour-compenser-limpact-carbone-des-jmj\/#article","isPartOf":{"@id":"https:\/\/jmj2023-morbihan.fr\/index.php\/2023\/02\/17\/une-plantation-darbres-pour-compenser-limpact-carbone-des-jmj\/"},"author":{"name":"\u00c9quipe com' JMJ Morbihan","@id":"https:\/\/jmj2023-morbihan.fr\/#\/schema\/person\/e3c4aa08f56cac91a126a58b8bc667d1"},"headline":"Une plantation d&rsquo;arbres pour compenser l&rsquo;impact carbone des JMJ !","datePublished":"2023-02-17T15:23:39+00:00","dateModified":"2023-02-17T15:29:28+00:00","mainEntityOfPage":{"@id":"https:\/\/jmj2023-morbihan.fr\/index.php\/2023\/02\/17\/une-plantation-darbres-pour-compenser-limpact-carbone-des-jmj\/"},"wordCount":180,"publisher":{"@id":"https:\/\/jmj2023-morbihan.fr\/#organization"},"articleSection":["NEWS"],"inLanguage":"fr-FR"},{"@type":"WebPage","@id":"https:\/\/jmj2023-morbihan.fr\/index.php\/2023\/02\/17\/une-plantation-darbres-pour-compenser-limpact-carbone-des-jmj\/","url":"https:\/\/jmj2023-morbihan.fr\/index.php\/2023\/02\/17\/une-plantation-darbres-pour-compenser-limpact-carbone-des-jmj\/","name":"Une plantation d'arbres pour compenser l'impact carbone des JMJ ! - JMJ 2023 LISBONNE : PARS AVEC LE MORBIHAN","isPartOf":{"@id":"https:\/\/jmj2023-morbihan.fr\/#website"},"datePublished":"2023-02-17T15:23:39+00:00","dateModified":"2023-02-17T15:29:28+00:00","breadcrumb":{"@id":"https:\/\/jmj2023-morbihan.fr\/index.php\/2023\/02\/17\/une-plantation-darbres-pour-compenser-limpact-carbone-des-jmj\/#breadcrumb"},"inLanguage":"fr-FR","potentialAction":[{"@type":"ReadAction","target":["https:\/\/jmj2023-morbihan.fr\/index.php\/2023\/02\/17\/une-plantation-darbres-pour-compenser-limpact-carbone-des-jmj\/"]}]},{"@type":"BreadcrumbList","@id":"https:\/\/jmj2023-morbihan.fr\/index.php\/2023\/02\/17\/une-plantation-darbres-pour-compenser-limpact-carbone-des-jmj\/#breadcrumb","itemListElement":[{"@type":"ListItem","position":1,"name":"Accueil","item":"https:\/\/jmj2023-morbihan.fr\/"},{"@type":"ListItem","position":2,"name":"Une plantation d&rsquo;arbres pour compenser l&rsquo;impact carbone des JMJ !"}]},{"@type":"WebSite","@id":"https:\/\/jmj2023-morbihan.fr\/#website","url":"https:\/\/jmj2023-morbihan.fr\/","name":"JMJ 2023 LISBONNE : PARS AVEC LE MORBIHAN","description":"Le site des Journ\u00e9es Mondiales de la Jeunesse 2023 pour le dioc\u00e8se de Vannes (Morbihan)","publisher":{"@id":"https:\/\/jmj2023-morbihan.fr\/#organization"},"potentialAction":[{"@type":"SearchAction","target":{"@type":"EntryPoint","urlTemplate":"https:\/\/jmj2023-morbihan.fr\/?s={search_term_string}"},"query-input":"required name=search_term_string"}],"inLanguage":"fr-FR"},{"@type":"Organization","@id":"https:\/\/jmj2023-morbihan.fr\/#organization","name":"JMJ 2023 LISBONNE : PARS AVEC LE MORBIHAN","url":"https:\/\/jmj2023-morbihan.fr\/","logo":{"@type":"ImageObject","inLanguage":"fr-FR","@id":"https:\/\/jmj2023-morbihan.fr\/#\/schema\/logo\/image\/","url":"https:\/\/jmj2023-morbihan.fr\/wp-content\/uploads\/2022\/11\/jmj2023-morbihan-lisbonne-logo-rond.png","contentUrl":"https:\/\/jmj2023-morbihan.fr\/wp-content\/uploads\/2022\/11\/jmj2023-morbihan-lisbonne-logo-rond.png","width":200,"height":200,"caption":"JMJ 2023 LISBONNE : PARS AVEC LE MORBIHAN"},"image":{"@id":"https:\/\/jmj2023-morbihan.fr\/#\/schema\/logo\/image\/"},"sameAs":["https:\/\/www.facebook.com\/jmj2023morbihan","https:\/\/www.instagram.com\/jmj2023morbihan\/"]},{"@type":"Person","@id":"https:\/\/jmj2023-morbihan.fr\/#\/schema\/person\/e3c4aa08f56cac91a126a58b8bc667d1","name":"\u00c9quipe com' JMJ Morbihan","image":{"@type":"ImageObject","inLanguage":"fr-FR","@id":"https:\/\/jmj2023-morbihan.fr\/#\/schema\/person\/image\/","url":"https:\/\/secure.gravatar.com\/avatar\/472dd6a0422fc63441e9279b77ab228870d99ced6aa41d85ac33e9475a065826?s=96&d=mm&r=g","contentUrl":"https:\/\/secure.gravatar.com\/avatar\/472dd6a0422fc63441e9279b77ab228870d99ced6aa41d85ac33e9475a065826?s=96&d=mm&r=g","caption":"\u00c9quipe com' JMJ Morbihan"},"url":"https:\/\/jmj2023-morbihan.fr\/index.php\/author\/isabelle-claquin\/"}]}},"jetpack_featured_media_url":"https:\/\/jmj2023-morbihan.fr\/wp-content\/uploads\/2023\/02\/plantation-mondiale-900x450-1.png","_links":{"self":[{"href":"https:\/\/jmj2023-morbihan.fr\/index.php\/wp-json\/wp\/v2\/posts\/381","targetHints":{"allow":["GET"]}}],"collection":[{"href":"https:\/\/jmj2023-morbihan.fr\/index.php\/wp-json\/wp\/v2\/posts"}],"about":[{"href":"https:\/\/jmj2023-morbihan.fr\/index.php\/wp-json\/wp\/v2\/types\/post"}],"author":[{"embeddable":true,"href":"https:\/\/jmj2023-morbihan.fr\/index.php\/wp-json\/wp\/v2\/users\/2"}],"replies":[{"embeddable":true,"href":"https:\/\/jmj2023-morbihan.fr\/index.php\/wp-json\/wp\/v2\/comments?post=381"}],"version-history":[{"count":2,"href":"https:\/\/jmj2023-morbihan.fr\/index.php\/wp-json\/wp\/v2\/posts\/381\/revisions"}],"predecessor-version":[{"id":385,"href":"https:\/\/jmj2023-morbihan.fr\/index.php\/wp-json\/wp\/v2\/posts\/381\/revisions\/385"}],"wp:featuredmedia":[{"embeddable":true,"href":"https:\/\/jmj2023-morbihan.fr\/index.php\/wp-json\/wp\/v2\/media\/382"}],"wp:attachment":[{"href":"https:\/\/jmj2023-morbihan.fr\/index.php\/wp-json\/wp\/v2\/media?parent=381"}],"wp:term":[{"taxonomy":"category","embeddable":true,"href":"https:\/\/jmj2023-morbihan.fr\/index.php\/wp-json\/wp\/v2\/categories?post=381"},{"taxonomy":"post_tag","embeddable":true,"href":"https:\/\/jmj2023-morbihan.fr\/index.php\/wp-json\/wp\/v2\/tags?post=381"}],"curies":[{"name":"wp","href":"https:\/\/api.w.org\/{rel}","templated":true}]}}