{"id":390,"date":"2023-02-27T10:52:13","date_gmt":"2023-02-27T09:52:13","guid":{"rendered":"https:\/\/jmj2023-morbihan.fr\/?p=390"},"modified":"2023-03-03T17:28:11","modified_gmt":"2023-03-03T16:28:11","slug":"rencontre-des-majeurs-a-ste-anne-dauray-le-4-mars-prochain","status":"publish","type":"post","link":"https:\/\/jmj2023-morbihan.fr\/index.php\/2023\/02\/27\/rencontre-des-majeurs-a-ste-anne-dauray-le-4-mars-prochain\/","title":{"rendered":"Rencontre des majeurs \u00e0 Ste Anne d&rsquo;Auray le 4 mars prochain"},"content":{"rendered":"\n<p>Bonjour \u00e0 tous&nbsp;!<\/p>\n\n\n\n<p>Les JMJ approchant \u00e0 grand pas, nous te proposons un temps de rencontre et de pri\u00e8re dans le but de f\u00e9d\u00e9rer un collectif autour de ce p\u00e8lerinage. Ce temps se d\u00e9roule \u00e0&nbsp;:<\/p>\n\n\n\n<p class=\"has-text-align-center has-ast-global-color-0-color has-text-color has-medium-font-size\"><strong>Ste Anne d\u2019Auray le samedi 4 Mars de 16h30 \u00e0 22h,<\/strong><\/p>\n\n\n\n<p><strong>Cette rencontre est gratuite et ouverte \u00e0 tous les jeunes souhaitant en savoir plus sur les JMJ,<\/strong><\/p>\n\n\n\n<p>L\u2019id\u00e9e est que tu<strong>&nbsp;proposes \u00e0 un autre jeune de t\u2019accompagner \u00e0 cette soir\u00e9e&nbsp;<\/strong>pour lui faire d\u00e9couvrir ce p\u00e8lerinage<strong>,&nbsp;<\/strong>donc n\u2019h\u00e9site pas \u00e0 en parler autour de toi&nbsp;!<strong>&nbsp;Cette soir\u00e9e n\u2019engage \u00e0 rien&nbsp;<\/strong>et aucun pr\u00e9 requis n\u2019est demand\u00e9.<\/p>\n\n\n\n<p>Au programme&nbsp;: jeux, enseignement, t\u00e9moignage, pique-nique partag\u00e9 et adoration&#8230; le tout en vue de se pr\u00e9parer \u00e0 Lisbonne.&nbsp;<\/p>\n\n\n\n<p>*N&rsquo;oublie pas d&rsquo;apporter ton pique-nique !<\/p>\n\n\n\n<p>N\u2019h\u00e9site pas si tu as des questions, appelle-nous, nous serons ravis de te r\u00e9pondre !<\/p>\n\n\n\n<p>Fraternellement,<\/p>\n\n\n\n<p>L\u2019\u00e9quipe des JMJ du Morbihan<\/p>\n\n\n\n<p class=\"has-ast-global-color-2-color has-ast-global-color-1-background-color has-text-color has-background\"><strong>Contact : 06 10 30 81 98<\/strong><\/p>\n\n\n\n<figure class=\"wp-block-image size-large\"><a href=\"https:\/\/jmj2023-morbihan.fr\/wp-content\/uploads\/2023\/02\/Ste-Anne-dAuray-1-1.png\" target=\"_blank\" rel=\"noreferrer noopener\"><img loading=\"lazy\" decoding=\"async\" width=\"724\" height=\"1024\" src=\"http:\/\/jmj2023-morbihan.fr\/wp-content\/uploads\/2023\/02\/Ste-Anne-dAuray-1-1-724x1024.png\" alt=\"\" class=\"wp-image-392\" srcset=\"https:\/\/jmj2023-morbihan.fr\/wp-content\/uploads\/2023\/02\/Ste-Anne-dAuray-1-1-724x1024.png 724w, https:\/\/jmj2023-morbihan.fr\/wp-content\/uploads\/2023\/02\/Ste-Anne-dAuray-1-1-212x300.png 212w, https:\/\/jmj2023-morbihan.fr\/wp-content\/uploads\/2023\/02\/Ste-Anne-dAuray-1-1-768x1086.png 768w, https:\/\/jmj2023-morbihan.fr\/wp-content\/uploads\/2023\/02\/Ste-Anne-dAuray-1-1-1086x1536.png 1086w, https:\/\/jmj2023-morbihan.fr\/wp-content\/uploads\/2023\/02\/Ste-Anne-dAuray-1-1.png 1414w\" sizes=\"auto, (max-width: 724px) 100vw, 724px\" \/><\/a><\/figure>\n","protected":false},"excerpt":{"rendered":"<p>Bonjour \u00e0 tous&nbsp;! Les JMJ approchant \u00e0 grand pas, nous te proposons un temps de rencontre et de pri\u00e8re dans le but de f\u00e9d\u00e9rer un collectif autour de ce p\u00e8lerinage. Ce temps se d\u00e9roule \u00e0&nbsp;: Ste Anne d\u2019Auray le samedi 4 Mars de 16h30 \u00e0 22h, Cette rencontre est gratuite et ouverte \u00e0 tous les &hellip;<\/p>\n<p class=\"read-more\"> <a class=\"\" href=\"https:\/\/jmj2023-morbihan.fr\/index.php\/2023\/02\/27\/rencontre-des-majeurs-a-ste-anne-dauray-le-4-mars-prochain\/\"> <span class=\"screen-reader-text\">Rencontre des majeurs \u00e0 Ste Anne d&rsquo;Auray le 4 mars prochain<\/span> Lire la suite\u00a0\u00bb<\/a><\/p>\n","protected":false},"author":2,"featured_media":403,"comment_status":"closed","ping_status":"closed","sticky":false,"template":"","format":"standard","meta":{"site-sidebar-layout":"default","site-content-layout":"default","ast-global-header-display":"","ast-main-header-display":"","ast-hfb-above-header-display":"","ast-hfb-below-header-display":"","ast-hfb-mobile-header-display":"","site-post-title":"","ast-breadcrumbs-content":"","ast-featured-img":"","footer-sml-layout":"","theme-transparent-header-meta":"","adv-header-id-meta":"","stick-header-meta":"","header-above-stick-meta":"","header-main-stick-meta":"","header-below-stick-meta":"","footnotes":""},"categories":[5],"tags":[],"class_list":["post-390","post","type-post","status-publish","format-standard","has-post-thumbnail","hentry","category-news"],"yoast_head":"<!-- This site is optimized with the Yoast SEO plugin v20.3 - https:\/\/yoast.com\/wordpress\/plugins\/seo\/ -->\n<title>Rencontre des majeurs \u00e0 Ste Anne d&#039;Auray le 4 mars prochain - JMJ 2023 LISBONNE : PARS AVEC LE MORBIHAN<\/title>\n<meta name=\"robots\" content=\"index, follow, max-snippet:-1, max-image-preview:large, max-video-preview:-1\" \/>\n<link rel=\"canonical\" href=\"https:\/\/jmj2023-morbihan.fr\/index.php\/2023\/02\/27\/rencontre-des-majeurs-a-ste-anne-dauray-le-4-mars-prochain\/\" \/>\n<meta property=\"og:locale\" content=\"fr_FR\" \/>\n<meta property=\"og:type\" content=\"article\" \/>\n<meta property=\"og:title\" content=\"Rencontre des majeurs \u00e0 Ste Anne d&#039;Auray le 4 mars prochain - JMJ 2023 LISBONNE : PARS AVEC LE MORBIHAN\" \/>\n<meta property=\"og:description\" content=\"Bonjour \u00e0 tous&nbsp;! Les JMJ approchant \u00e0 grand pas, nous te proposons un temps de rencontre et de pri\u00e8re dans le but de f\u00e9d\u00e9rer un collectif autour de ce p\u00e8lerinage. Ce temps se d\u00e9roule \u00e0&nbsp;: Ste Anne d\u2019Auray le samedi 4 Mars de 16h30 \u00e0 22h, Cette rencontre est gratuite et ouverte \u00e0 tous les &hellip; Rencontre des majeurs \u00e0 Ste Anne d&rsquo;Auray le 4 mars prochain Lire la suite\u00a0\u00bb\" \/>\n<meta property=\"og:url\" content=\"https:\/\/jmj2023-morbihan.fr\/index.php\/2023\/02\/27\/rencontre-des-majeurs-a-ste-anne-dauray-le-4-mars-prochain\/\" \/>\n<meta property=\"og:site_name\" content=\"JMJ 2023 LISBONNE : PARS AVEC LE MORBIHAN\" \/>\n<meta property=\"article:publisher\" content=\"https:\/\/www.facebook.com\/jmj2023morbihan\" \/>\n<meta property=\"article:published_time\" content=\"2023-02-27T09:52:13+00:00\" \/>\n<meta property=\"article:modified_time\" content=\"2023-03-03T16:28:11+00:00\" \/>\n<meta property=\"og:image\" content=\"https:\/\/jmj2023-morbihan.fr\/wp-content\/uploads\/2023\/02\/JMJ-Ste-Anne-dAuray-2-4-mars-2023.png\" \/>\n\t<meta property=\"og:image:width\" content=\"1212\" \/>\n\t<meta property=\"og:image:height\" content=\"1647\" \/>\n\t<meta property=\"og:image:type\" content=\"image\/png\" \/>\n<meta name=\"author\" content=\"\u00c9quipe com&#039; JMJ Morbihan\" \/>\n<meta name=\"twitter:card\" content=\"summary_large_image\" \/>\n<meta name=\"twitter:label1\" content=\"\u00c9crit par\" \/>\n\t<meta name=\"twitter:data1\" content=\"\u00c9quipe com' JMJ Morbihan\" \/>\n\t<meta name=\"twitter:label2\" content=\"Dur\u00e9e de lecture estim\u00e9e\" \/>\n\t<meta name=\"twitter:data2\" content=\"1 minute\" \/>\n<script type=\"application\/ld+json\" class=\"yoast-schema-graph\">{\"@context\":\"https:\/\/schema.org\",\"@graph\":[{\"@type\":\"Article\",\"@id\":\"https:\/\/jmj2023-morbihan.fr\/index.php\/2023\/02\/27\/rencontre-des-majeurs-a-ste-anne-dauray-le-4-mars-prochain\/#article\",\"isPartOf\":{\"@id\":\"https:\/\/jmj2023-morbihan.fr\/index.php\/2023\/02\/27\/rencontre-des-majeurs-a-ste-anne-dauray-le-4-mars-prochain\/\"},\"author\":{\"name\":\"\u00c9quipe com' JMJ Morbihan\",\"@id\":\"https:\/\/jmj2023-morbihan.fr\/#\/schema\/person\/e3c4aa08f56cac91a126a58b8bc667d1\"},\"headline\":\"Rencontre des majeurs \u00e0 Ste Anne d&rsquo;Auray le 4 mars prochain\",\"datePublished\":\"2023-02-27T09:52:13+00:00\",\"dateModified\":\"2023-03-03T16:28:11+00:00\",\"mainEntityOfPage\":{\"@id\":\"https:\/\/jmj2023-morbihan.fr\/index.php\/2023\/02\/27\/rencontre-des-majeurs-a-ste-anne-dauray-le-4-mars-prochain\/\"},\"wordCount\":178,\"publisher\":{\"@id\":\"https:\/\/jmj2023-morbihan.fr\/#organization\"},\"articleSection\":[\"NEWS\"],\"inLanguage\":\"fr-FR\"},{\"@type\":\"WebPage\",\"@id\":\"https:\/\/jmj2023-morbihan.fr\/index.php\/2023\/02\/27\/rencontre-des-majeurs-a-ste-anne-dauray-le-4-mars-prochain\/\",\"url\":\"https:\/\/jmj2023-morbihan.fr\/index.php\/2023\/02\/27\/rencontre-des-majeurs-a-ste-anne-dauray-le-4-mars-prochain\/\",\"name\":\"Rencontre des majeurs \u00e0 Ste Anne d'Auray le 4 mars prochain - JMJ 2023 LISBONNE : PARS AVEC LE MORBIHAN\",\"isPartOf\":{\"@id\":\"https:\/\/jmj2023-morbihan.fr\/#website\"},\"datePublished\":\"2023-02-27T09:52:13+00:00\",\"dateModified\":\"2023-03-03T16:28:11+00:00\",\"breadcrumb\":{\"@id\":\"https:\/\/jmj2023-morbihan.fr\/index.php\/2023\/02\/27\/rencontre-des-majeurs-a-ste-anne-dauray-le-4-mars-prochain\/#breadcrumb\"},\"inLanguage\":\"fr-FR\",\"potentialAction\":[{\"@type\":\"ReadAction\",\"target\":[\"https:\/\/jmj2023-morbihan.fr\/index.php\/2023\/02\/27\/rencontre-des-majeurs-a-ste-anne-dauray-le-4-mars-prochain\/\"]}]},{\"@type\":\"BreadcrumbList\",\"@id\":\"https:\/\/jmj2023-morbihan.fr\/index.php\/2023\/02\/27\/rencontre-des-majeurs-a-ste-anne-dauray-le-4-mars-prochain\/#breadcrumb\",\"itemListElement\":[{\"@type\":\"ListItem\",\"position\":1,\"name\":\"Accueil\",\"item\":\"https:\/\/jmj2023-morbihan.fr\/\"},{\"@type\":\"ListItem\",\"position\":2,\"name\":\"Rencontre des majeurs \u00e0 Ste Anne d&rsquo;Auray le 4 mars prochain\"}]},{\"@type\":\"WebSite\",\"@id\":\"https:\/\/jmj2023-morbihan.fr\/#website\",\"url\":\"https:\/\/jmj2023-morbihan.fr\/\",\"name\":\"JMJ 2023 LISBONNE : PARS AVEC LE MORBIHAN\",\"description\":\"Le site des Journ\u00e9es Mondiales de la Jeunesse 2023 pour le dioc\u00e8se de Vannes (Morbihan)\",\"publisher\":{\"@id\":\"https:\/\/jmj2023-morbihan.fr\/#organization\"},\"potentialAction\":[{\"@type\":\"SearchAction\",\"target\":{\"@type\":\"EntryPoint\",\"urlTemplate\":\"https:\/\/jmj2023-morbihan.fr\/?s={search_term_string}\"},\"query-input\":\"required name=search_term_string\"}],\"inLanguage\":\"fr-FR\"},{\"@type\":\"Organization\",\"@id\":\"https:\/\/jmj2023-morbihan.fr\/#organization\",\"name\":\"JMJ 2023 LISBONNE : PARS AVEC LE MORBIHAN\",\"url\":\"https:\/\/jmj2023-morbihan.fr\/\",\"logo\":{\"@type\":\"ImageObject\",\"inLanguage\":\"fr-FR\",\"@id\":\"https:\/\/jmj2023-morbihan.fr\/#\/schema\/logo\/image\/\",\"url\":\"https:\/\/jmj2023-morbihan.fr\/wp-content\/uploads\/2022\/11\/jmj2023-morbihan-lisbonne-logo-rond.png\",\"contentUrl\":\"https:\/\/jmj2023-morbihan.fr\/wp-content\/uploads\/2022\/11\/jmj2023-morbihan-lisbonne-logo-rond.png\",\"width\":200,\"height\":200,\"caption\":\"JMJ 2023 LISBONNE : PARS AVEC LE MORBIHAN\"},\"image\":{\"@id\":\"https:\/\/jmj2023-morbihan.fr\/#\/schema\/logo\/image\/\"},\"sameAs\":[\"https:\/\/www.facebook.com\/jmj2023morbihan\",\"https:\/\/www.instagram.com\/jmj2023morbihan\/\"]},{\"@type\":\"Person\",\"@id\":\"https:\/\/jmj2023-morbihan.fr\/#\/schema\/person\/e3c4aa08f56cac91a126a58b8bc667d1\",\"name\":\"\u00c9quipe com' JMJ Morbihan\",\"image\":{\"@type\":\"ImageObject\",\"inLanguage\":\"fr-FR\",\"@id\":\"https:\/\/jmj2023-morbihan.fr\/#\/schema\/person\/image\/\",\"url\":\"https:\/\/secure.gravatar.com\/avatar\/472dd6a0422fc63441e9279b77ab228870d99ced6aa41d85ac33e9475a065826?s=96&d=mm&r=g\",\"contentUrl\":\"https:\/\/secure.gravatar.com\/avatar\/472dd6a0422fc63441e9279b77ab228870d99ced6aa41d85ac33e9475a065826?s=96&d=mm&r=g\",\"caption\":\"\u00c9quipe com' JMJ Morbihan\"},\"url\":\"https:\/\/jmj2023-morbihan.fr\/index.php\/author\/isabelle-claquin\/\"}]}<\/script>\n<!-- \/ Yoast SEO plugin. -->","yoast_head_json":{"title":"Rencontre des majeurs \u00e0 Ste Anne d'Auray le 4 mars prochain - JMJ 2023 LISBONNE : PARS AVEC LE MORBIHAN","robots":{"index":"index","follow":"follow","max-snippet":"max-snippet:-1","max-image-preview":"max-image-preview:large","max-video-preview":"max-video-preview:-1"},"canonical":"https:\/\/jmj2023-morbihan.fr\/index.php\/2023\/02\/27\/rencontre-des-majeurs-a-ste-anne-dauray-le-4-mars-prochain\/","og_locale":"fr_FR","og_type":"article","og_title":"Rencontre des majeurs \u00e0 Ste Anne d'Auray le 4 mars prochain - JMJ 2023 LISBONNE : PARS AVEC LE MORBIHAN","og_description":"Bonjour \u00e0 tous&nbsp;! Les JMJ approchant \u00e0 grand pas, nous te proposons un temps de rencontre et de pri\u00e8re dans le but de f\u00e9d\u00e9rer un collectif autour de ce p\u00e8lerinage. Ce temps se d\u00e9roule \u00e0&nbsp;: Ste Anne d\u2019Auray le samedi 4 Mars de 16h30 \u00e0 22h, Cette rencontre est gratuite et ouverte \u00e0 tous les &hellip; Rencontre des majeurs \u00e0 Ste Anne d&rsquo;Auray le 4 mars prochain Lire la suite\u00a0\u00bb","og_url":"https:\/\/jmj2023-morbihan.fr\/index.php\/2023\/02\/27\/rencontre-des-majeurs-a-ste-anne-dauray-le-4-mars-prochain\/","og_site_name":"JMJ 2023 LISBONNE : PARS AVEC LE MORBIHAN","article_publisher":"https:\/\/www.facebook.com\/jmj2023morbihan","article_published_time":"2023-02-27T09:52:13+00:00","article_modified_time":"2023-03-03T16:28:11+00:00","og_image":[{"width":1212,"height":1647,"url":"https:\/\/jmj2023-morbihan.fr\/wp-content\/uploads\/2023\/02\/JMJ-Ste-Anne-dAuray-2-4-mars-2023.png","type":"image\/png"}],"author":"\u00c9quipe com' JMJ Morbihan","twitter_card":"summary_large_image","twitter_misc":{"\u00c9crit par":"\u00c9quipe com' JMJ Morbihan","Dur\u00e9e de lecture estim\u00e9e":"1 minute"},"schema":{"@context":"https:\/\/schema.org","@graph":[{"@type":"Article","@id":"https:\/\/jmj2023-morbihan.fr\/index.php\/2023\/02\/27\/rencontre-des-majeurs-a-ste-anne-dauray-le-4-mars-prochain\/#article","isPartOf":{"@id":"https:\/\/jmj2023-morbihan.fr\/index.php\/2023\/02\/27\/rencontre-des-majeurs-a-ste-anne-dauray-le-4-mars-prochain\/"},"author":{"name":"\u00c9quipe com' JMJ Morbihan","@id":"https:\/\/jmj2023-morbihan.fr\/#\/schema\/person\/e3c4aa08f56cac91a126a58b8bc667d1"},"headline":"Rencontre des majeurs \u00e0 Ste Anne d&rsquo;Auray le 4 mars prochain","datePublished":"2023-02-27T09:52:13+00:00","dateModified":"2023-03-03T16:28:11+00:00","mainEntityOfPage":{"@id":"https:\/\/jmj2023-morbihan.fr\/index.php\/2023\/02\/27\/rencontre-des-majeurs-a-ste-anne-dauray-le-4-mars-prochain\/"},"wordCount":178,"publisher":{"@id":"https:\/\/jmj2023-morbihan.fr\/#organization"},"articleSection":["NEWS"],"inLanguage":"fr-FR"},{"@type":"WebPage","@id":"https:\/\/jmj2023-morbihan.fr\/index.php\/2023\/02\/27\/rencontre-des-majeurs-a-ste-anne-dauray-le-4-mars-prochain\/","url":"https:\/\/jmj2023-morbihan.fr\/index.php\/2023\/02\/27\/rencontre-des-majeurs-a-ste-anne-dauray-le-4-mars-prochain\/","name":"Rencontre des majeurs \u00e0 Ste Anne d'Auray le 4 mars prochain - JMJ 2023 LISBONNE : PARS AVEC LE MORBIHAN","isPartOf":{"@id":"https:\/\/jmj2023-morbihan.fr\/#website"},"datePublished":"2023-02-27T09:52:13+00:00","dateModified":"2023-03-03T16:28:11+00:00","breadcrumb":{"@id":"https:\/\/jmj2023-morbihan.fr\/index.php\/2023\/02\/27\/rencontre-des-majeurs-a-ste-anne-dauray-le-4-mars-prochain\/#breadcrumb"},"inLanguage":"fr-FR","potentialAction":[{"@type":"ReadAction","target":["https:\/\/jmj2023-morbihan.fr\/index.php\/2023\/02\/27\/rencontre-des-majeurs-a-ste-anne-dauray-le-4-mars-prochain\/"]}]},{"@type":"BreadcrumbList","@id":"https:\/\/jmj2023-morbihan.fr\/index.php\/2023\/02\/27\/rencontre-des-majeurs-a-ste-anne-dauray-le-4-mars-prochain\/#breadcrumb","itemListElement":[{"@type":"ListItem","position":1,"name":"Accueil","item":"https:\/\/jmj2023-morbihan.fr\/"},{"@type":"ListItem","position":2,"name":"Rencontre des majeurs \u00e0 Ste Anne d&rsquo;Auray le 4 mars prochain"}]},{"@type":"WebSite","@id":"https:\/\/jmj2023-morbihan.fr\/#website","url":"https:\/\/jmj2023-morbihan.fr\/","name":"JMJ 2023 LISBONNE : PARS AVEC LE MORBIHAN","description":"Le site des Journ\u00e9es Mondiales de la Jeunesse 2023 pour le dioc\u00e8se de Vannes (Morbihan)","publisher":{"@id":"https:\/\/jmj2023-morbihan.fr\/#organization"},"potentialAction":[{"@type":"SearchAction","target":{"@type":"EntryPoint","urlTemplate":"https:\/\/jmj2023-morbihan.fr\/?s={search_term_string}"},"query-input":"required name=search_term_string"}],"inLanguage":"fr-FR"},{"@type":"Organization","@id":"https:\/\/jmj2023-morbihan.fr\/#organization","name":"JMJ 2023 LISBONNE : PARS AVEC LE MORBIHAN","url":"https:\/\/jmj2023-morbihan.fr\/","logo":{"@type":"ImageObject","inLanguage":"fr-FR","@id":"https:\/\/jmj2023-morbihan.fr\/#\/schema\/logo\/image\/","url":"https:\/\/jmj2023-morbihan.fr\/wp-content\/uploads\/2022\/11\/jmj2023-morbihan-lisbonne-logo-rond.png","contentUrl":"https:\/\/jmj2023-morbihan.fr\/wp-content\/uploads\/2022\/11\/jmj2023-morbihan-lisbonne-logo-rond.png","width":200,"height":200,"caption":"JMJ 2023 LISBONNE : PARS AVEC LE MORBIHAN"},"image":{"@id":"https:\/\/jmj2023-morbihan.fr\/#\/schema\/logo\/image\/"},"sameAs":["https:\/\/www.facebook.com\/jmj2023morbihan","https:\/\/www.instagram.com\/jmj2023morbihan\/"]},{"@type":"Person","@id":"https:\/\/jmj2023-morbihan.fr\/#\/schema\/person\/e3c4aa08f56cac91a126a58b8bc667d1","name":"\u00c9quipe com' JMJ Morbihan","image":{"@type":"ImageObject","inLanguage":"fr-FR","@id":"https:\/\/jmj2023-morbihan.fr\/#\/schema\/person\/image\/","url":"https:\/\/secure.gravatar.com\/avatar\/472dd6a0422fc63441e9279b77ab228870d99ced6aa41d85ac33e9475a065826?s=96&d=mm&r=g","contentUrl":"https:\/\/secure.gravatar.com\/avatar\/472dd6a0422fc63441e9279b77ab228870d99ced6aa41d85ac33e9475a065826?s=96&d=mm&r=g","caption":"\u00c9quipe com' JMJ Morbihan"},"url":"https:\/\/jmj2023-morbihan.fr\/index.php\/author\/isabelle-claquin\/"}]}},"jetpack_featured_media_url":"https:\/\/jmj2023-morbihan.fr\/wp-content\/uploads\/2023\/02\/JMJ-Ste-Anne-dAuray-2-4-mars-2023.png","_links":{"self":[{"href":"https:\/\/jmj2023-morbihan.fr\/index.php\/wp-json\/wp\/v2\/posts\/390","targetHints":{"allow":["GET"]}}],"collection":[{"href":"https:\/\/jmj2023-morbihan.fr\/index.php\/wp-json\/wp\/v2\/posts"}],"about":[{"href":"https:\/\/jmj2023-morbihan.fr\/index.php\/wp-json\/wp\/v2\/types\/post"}],"author":[{"embeddable":true,"href":"https:\/\/jmj2023-morbihan.fr\/index.php\/wp-json\/wp\/v2\/users\/2"}],"replies":[{"embeddable":true,"href":"https:\/\/jmj2023-morbihan.fr\/index.php\/wp-json\/wp\/v2\/comments?post=390"}],"version-history":[{"count":3,"href":"https:\/\/jmj2023-morbihan.fr\/index.php\/wp-json\/wp\/v2\/posts\/390\/revisions"}],"predecessor-version":[{"id":396,"href":"https:\/\/jmj2023-morbihan.fr\/index.php\/wp-json\/wp\/v2\/posts\/390\/revisions\/396"}],"wp:featuredmedia":[{"embeddable":true,"href":"https:\/\/jmj2023-morbihan.fr\/index.php\/wp-json\/wp\/v2\/media\/403"}],"wp:attachment":[{"href":"https:\/\/jmj2023-morbihan.fr\/index.php\/wp-json\/wp\/v2\/media?parent=390"}],"wp:term":[{"taxonomy":"category","embeddable":true,"href":"https:\/\/jmj2023-morbihan.fr\/index.php\/wp-json\/wp\/v2\/categories?post=390"},{"taxonomy":"post_tag","embeddable":true,"href":"https:\/\/jmj2023-morbihan.fr\/index.php\/wp-json\/wp\/v2\/tags?post=390"}],"curies":[{"name":"wp","href":"https:\/\/api.w.org\/{rel}","templated":true}]}}