{"id":729,"date":"2023-07-21T18:35:23","date_gmt":"2023-07-21T16:35:23","guid":{"rendered":"https:\/\/jmj2023-morbihan.fr\/?p=729"},"modified":"2023-07-21T18:35:25","modified_gmt":"2023-07-21T16:35:25","slug":"une-piece-de-monnaie-et-des-timbres-pour-les-jmj-2023","status":"publish","type":"post","link":"https:\/\/jmj2023-morbihan.fr\/index.php\/2023\/07\/21\/une-piece-de-monnaie-et-des-timbres-pour-les-jmj-2023\/","title":{"rendered":"Une pi\u00e8ce de monnaie et des timbres pour les JMJ 2023 !"},"content":{"rendered":"\n<p>Pour marquer l&rsquo;organisation des JMJ Lisbonne 2023, la R\u00e9publique portugaise \u00e9met une pi\u00e8ce comm\u00e9morative de 2,00 \u20ac. Cette pi\u00e8ce comm\u00e9morative permettra \u00e0 15 jeunes de tous les pays africains de langue portugaise (PALOP) de participer au plus grand rassemblement mondial de jeunes avec le Pape. \u00ab\u00a0Elle a \u00e9t\u00e9 accueillie avec une grande joie par ces pays et les conf\u00e9rences \u00e9piscopales\u00a0\u00bb, a d\u00e9clar\u00e9 Mgr Am\u00e9rico Aguiar, pr\u00e9sident de la Fondation JMJ Lisbonne 2023. <\/p>\n\n\n\n<p>L&rsquo;auteur invit\u00e9 \u00e0 concevoir cette pi\u00e8ce est le sculpteur Jo\u00e3o Duarte, qui a \u00e9t\u00e9 pendant plus de vingt ans professeur de m\u00e9daillistique et de numismatique \u00e0 la facult\u00e9 des beaux-arts de l&rsquo;universit\u00e9 de Lisbonne. Comme il l&rsquo;a avou\u00e9, il a re\u00e7u cette invitation \u00ab\u00a0avec fiert\u00e9\u00a0\u00bb. Il a \u00e9galement expliqu\u00e9 que sur la pi\u00e8ce figure la Croix du P\u00e8lerin, \u00ab\u00a0symbole de l&rsquo;amour de Dieu\u00a0\u00bb, entour\u00e9e du globe, de jeunes et de deux mains, afin de repr\u00e9senter \u00ab\u00a0l&rsquo;universalit\u00e9 et l&rsquo;inclusion\u00a0\u00bb des Journ\u00e9es Mondiales de la Jeunesse Lisbonne 2023.<\/p>\n\n\n\n<p><a href=\"https:\/\/www.lisboa2023.org\/fr\/article\/une-piece-commemorative-permet-aux-pelerins-de-participer-aux-jmj\" target=\"_blank\" rel=\"noreferrer noopener\">En savoir plus <\/a><\/p>\n\n\n\n<div class=\"wp-block-columns is-layout-flex wp-container-core-columns-is-layout-28f84493 wp-block-columns-is-layout-flex\">\n<div class=\"wp-block-column is-layout-flow wp-block-column-is-layout-flow\">\n<figure class=\"wp-block-image size-medium\"><a href=\"https:\/\/jmj2023-morbihan.fr\/wp-content\/uploads\/2023\/07\/piece-JMJ-bis.png\" target=\"_blank\" rel=\"noreferrer noopener\"><img loading=\"lazy\" decoding=\"async\" width=\"300\" height=\"300\" src=\"https:\/\/jmj2023-morbihan.fr\/wp-content\/uploads\/2023\/07\/piece-JMJ-bis-300x300.png\" alt=\"\" class=\"wp-image-730\" srcset=\"https:\/\/jmj2023-morbihan.fr\/wp-content\/uploads\/2023\/07\/piece-JMJ-bis-300x300.png 300w, https:\/\/jmj2023-morbihan.fr\/wp-content\/uploads\/2023\/07\/piece-JMJ-bis-150x150.png 150w, https:\/\/jmj2023-morbihan.fr\/wp-content\/uploads\/2023\/07\/piece-JMJ-bis.png 490w\" sizes=\"auto, (max-width: 300px) 100vw, 300px\" \/><\/a><\/figure>\n<\/div>\n\n\n\n<div class=\"wp-block-column is-layout-flow wp-block-column-is-layout-flow\">\n<figure class=\"wp-block-image size-medium\"><a href=\"https:\/\/jmj2023-morbihan.fr\/wp-content\/uploads\/2023\/07\/piece-JMJ-2bis.jpg\" target=\"_blank\" rel=\"noreferrer noopener\"><img loading=\"lazy\" decoding=\"async\" width=\"300\" height=\"296\" src=\"https:\/\/jmj2023-morbihan.fr\/wp-content\/uploads\/2023\/07\/piece-JMJ-2bis-300x296.jpg\" alt=\"\" class=\"wp-image-731\" srcset=\"https:\/\/jmj2023-morbihan.fr\/wp-content\/uploads\/2023\/07\/piece-JMJ-2bis-300x296.jpg 300w, https:\/\/jmj2023-morbihan.fr\/wp-content\/uploads\/2023\/07\/piece-JMJ-2bis.jpg 427w\" sizes=\"auto, (max-width: 300px) 100vw, 300px\" \/><\/a><\/figure>\n<\/div>\n<\/div>\n\n\n\n<p>Les nouveaux timbres repr\u00e9sentent le Pape Fran\u00e7ois et les symboles des JMJ &#8211; la Croix du P\u00e8lerin et l&rsquo;ic\u00f4ne de Notre Dame Salus Populi Romani &#8211; qui ont \u00e9t\u00e9 en p\u00e8lerinage dans tout le pays et se trouvent maintenant dans le dioc\u00e8se de Lisbonne, le dernier dioc\u00e8se \u00e0 recevoir les symboles avant les JMJ Lisbonne 2023. <a href=\"https:\/\/www.lisboa2023.org\/fr\/article\/ctt-lance-la-deuxieme-edition-du-timbre-des-jmj\" target=\"_blank\" rel=\"noreferrer noopener\">En savoir pus <\/a><\/p>\n\n\n\n<figure class=\"wp-block-image size-full\"><img loading=\"lazy\" decoding=\"async\" width=\"780\" height=\"555\" src=\"https:\/\/jmj2023-morbihan.fr\/wp-content\/uploads\/2023\/07\/timbres-JMJ-2023.jpg\" alt=\"\" class=\"wp-image-732\" srcset=\"https:\/\/jmj2023-morbihan.fr\/wp-content\/uploads\/2023\/07\/timbres-JMJ-2023.jpg 780w, https:\/\/jmj2023-morbihan.fr\/wp-content\/uploads\/2023\/07\/timbres-JMJ-2023-300x213.jpg 300w, https:\/\/jmj2023-morbihan.fr\/wp-content\/uploads\/2023\/07\/timbres-JMJ-2023-768x546.jpg 768w\" sizes=\"auto, (max-width: 780px) 100vw, 780px\" \/><\/figure>\n\n\n\n<p><\/p>\n","protected":false},"excerpt":{"rendered":"<p>Pour marquer l&rsquo;organisation des JMJ Lisbonne 2023, la R\u00e9publique portugaise \u00e9met une pi\u00e8ce comm\u00e9morative de 2,00 \u20ac. Cette pi\u00e8ce comm\u00e9morative permettra \u00e0 15 jeunes de tous les pays africains de langue portugaise (PALOP) de participer au plus grand rassemblement mondial de jeunes avec le Pape. \u00ab\u00a0Elle a \u00e9t\u00e9 accueillie avec une grande joie par ces &hellip;<\/p>\n<p class=\"read-more\"> <a class=\"\" href=\"https:\/\/jmj2023-morbihan.fr\/index.php\/2023\/07\/21\/une-piece-de-monnaie-et-des-timbres-pour-les-jmj-2023\/\"> <span class=\"screen-reader-text\">Une pi\u00e8ce de monnaie et des timbres pour les JMJ 2023 !<\/span> Lire la suite\u00a0\u00bb<\/a><\/p>\n","protected":false},"author":2,"featured_media":732,"comment_status":"closed","ping_status":"closed","sticky":false,"template":"","format":"standard","meta":{"site-sidebar-layout":"default","site-content-layout":"default","ast-global-header-display":"","ast-main-header-display":"","ast-hfb-above-header-display":"","ast-hfb-below-header-display":"","ast-hfb-mobile-header-display":"","site-post-title":"","ast-breadcrumbs-content":"","ast-featured-img":"","footer-sml-layout":"","theme-transparent-header-meta":"","adv-header-id-meta":"","stick-header-meta":"","header-above-stick-meta":"","header-main-stick-meta":"","header-below-stick-meta":"","footnotes":""},"categories":[5],"tags":[],"class_list":["post-729","post","type-post","status-publish","format-standard","has-post-thumbnail","hentry","category-news"],"yoast_head":"<!-- This site is optimized with the Yoast SEO plugin v20.3 - https:\/\/yoast.com\/wordpress\/plugins\/seo\/ -->\n<title>Une pi\u00e8ce de monnaie et des timbres pour les JMJ 2023 ! - JMJ 2023 LISBONNE : PARS AVEC LE MORBIHAN<\/title>\n<meta name=\"robots\" content=\"index, follow, max-snippet:-1, max-image-preview:large, max-video-preview:-1\" \/>\n<link rel=\"canonical\" href=\"https:\/\/jmj2023-morbihan.fr\/index.php\/2023\/07\/21\/une-piece-de-monnaie-et-des-timbres-pour-les-jmj-2023\/\" \/>\n<meta property=\"og:locale\" content=\"fr_FR\" \/>\n<meta property=\"og:type\" content=\"article\" \/>\n<meta property=\"og:title\" content=\"Une pi\u00e8ce de monnaie et des timbres pour les JMJ 2023 ! - JMJ 2023 LISBONNE : PARS AVEC LE MORBIHAN\" \/>\n<meta property=\"og:description\" content=\"Pour marquer l&rsquo;organisation des JMJ Lisbonne 2023, la R\u00e9publique portugaise \u00e9met une pi\u00e8ce comm\u00e9morative de 2,00 \u20ac. Cette pi\u00e8ce comm\u00e9morative permettra \u00e0 15 jeunes de tous les pays africains de langue portugaise (PALOP) de participer au plus grand rassemblement mondial de jeunes avec le Pape. \u00ab\u00a0Elle a \u00e9t\u00e9 accueillie avec une grande joie par ces &hellip; Une pi\u00e8ce de monnaie et des timbres pour les JMJ 2023 ! Lire la suite\u00a0\u00bb\" \/>\n<meta property=\"og:url\" content=\"https:\/\/jmj2023-morbihan.fr\/index.php\/2023\/07\/21\/une-piece-de-monnaie-et-des-timbres-pour-les-jmj-2023\/\" \/>\n<meta property=\"og:site_name\" content=\"JMJ 2023 LISBONNE : PARS AVEC LE MORBIHAN\" \/>\n<meta property=\"article:publisher\" content=\"https:\/\/www.facebook.com\/jmj2023morbihan\" \/>\n<meta property=\"article:published_time\" content=\"2023-07-21T16:35:23+00:00\" \/>\n<meta property=\"article:modified_time\" content=\"2023-07-21T16:35:25+00:00\" \/>\n<meta property=\"og:image\" content=\"https:\/\/jmj2023-morbihan.fr\/wp-content\/uploads\/2023\/07\/timbres-JMJ-2023.jpg\" \/>\n\t<meta property=\"og:image:width\" content=\"780\" \/>\n\t<meta property=\"og:image:height\" content=\"555\" \/>\n\t<meta property=\"og:image:type\" content=\"image\/jpeg\" \/>\n<meta name=\"author\" content=\"\u00c9quipe com&#039; JMJ Morbihan\" \/>\n<meta name=\"twitter:card\" content=\"summary_large_image\" \/>\n<meta name=\"twitter:label1\" content=\"\u00c9crit par\" \/>\n\t<meta name=\"twitter:data1\" content=\"\u00c9quipe com' JMJ Morbihan\" \/>\n\t<meta name=\"twitter:label2\" content=\"Dur\u00e9e de lecture estim\u00e9e\" \/>\n\t<meta name=\"twitter:data2\" content=\"2 minutes\" \/>\n<script type=\"application\/ld+json\" class=\"yoast-schema-graph\">{\"@context\":\"https:\/\/schema.org\",\"@graph\":[{\"@type\":\"Article\",\"@id\":\"https:\/\/jmj2023-morbihan.fr\/index.php\/2023\/07\/21\/une-piece-de-monnaie-et-des-timbres-pour-les-jmj-2023\/#article\",\"isPartOf\":{\"@id\":\"https:\/\/jmj2023-morbihan.fr\/index.php\/2023\/07\/21\/une-piece-de-monnaie-et-des-timbres-pour-les-jmj-2023\/\"},\"author\":{\"name\":\"\u00c9quipe com' JMJ Morbihan\",\"@id\":\"https:\/\/jmj2023-morbihan.fr\/#\/schema\/person\/e3c4aa08f56cac91a126a58b8bc667d1\"},\"headline\":\"Une pi\u00e8ce de monnaie et des timbres pour les JMJ 2023 !\",\"datePublished\":\"2023-07-21T16:35:23+00:00\",\"dateModified\":\"2023-07-21T16:35:25+00:00\",\"mainEntityOfPage\":{\"@id\":\"https:\/\/jmj2023-morbihan.fr\/index.php\/2023\/07\/21\/une-piece-de-monnaie-et-des-timbres-pour-les-jmj-2023\/\"},\"wordCount\":245,\"publisher\":{\"@id\":\"https:\/\/jmj2023-morbihan.fr\/#organization\"},\"articleSection\":[\"NEWS\"],\"inLanguage\":\"fr-FR\"},{\"@type\":\"WebPage\",\"@id\":\"https:\/\/jmj2023-morbihan.fr\/index.php\/2023\/07\/21\/une-piece-de-monnaie-et-des-timbres-pour-les-jmj-2023\/\",\"url\":\"https:\/\/jmj2023-morbihan.fr\/index.php\/2023\/07\/21\/une-piece-de-monnaie-et-des-timbres-pour-les-jmj-2023\/\",\"name\":\"Une pi\u00e8ce de monnaie et des timbres pour les JMJ 2023 ! - JMJ 2023 LISBONNE : PARS AVEC LE MORBIHAN\",\"isPartOf\":{\"@id\":\"https:\/\/jmj2023-morbihan.fr\/#website\"},\"datePublished\":\"2023-07-21T16:35:23+00:00\",\"dateModified\":\"2023-07-21T16:35:25+00:00\",\"breadcrumb\":{\"@id\":\"https:\/\/jmj2023-morbihan.fr\/index.php\/2023\/07\/21\/une-piece-de-monnaie-et-des-timbres-pour-les-jmj-2023\/#breadcrumb\"},\"inLanguage\":\"fr-FR\",\"potentialAction\":[{\"@type\":\"ReadAction\",\"target\":[\"https:\/\/jmj2023-morbihan.fr\/index.php\/2023\/07\/21\/une-piece-de-monnaie-et-des-timbres-pour-les-jmj-2023\/\"]}]},{\"@type\":\"BreadcrumbList\",\"@id\":\"https:\/\/jmj2023-morbihan.fr\/index.php\/2023\/07\/21\/une-piece-de-monnaie-et-des-timbres-pour-les-jmj-2023\/#breadcrumb\",\"itemListElement\":[{\"@type\":\"ListItem\",\"position\":1,\"name\":\"Accueil\",\"item\":\"https:\/\/jmj2023-morbihan.fr\/\"},{\"@type\":\"ListItem\",\"position\":2,\"name\":\"Une pi\u00e8ce de monnaie et des timbres pour les JMJ 2023 !\"}]},{\"@type\":\"WebSite\",\"@id\":\"https:\/\/jmj2023-morbihan.fr\/#website\",\"url\":\"https:\/\/jmj2023-morbihan.fr\/\",\"name\":\"JMJ 2023 LISBONNE : PARS AVEC LE MORBIHAN\",\"description\":\"Le site des Journ\u00e9es Mondiales de la Jeunesse 2023 pour le dioc\u00e8se de Vannes (Morbihan)\",\"publisher\":{\"@id\":\"https:\/\/jmj2023-morbihan.fr\/#organization\"},\"potentialAction\":[{\"@type\":\"SearchAction\",\"target\":{\"@type\":\"EntryPoint\",\"urlTemplate\":\"https:\/\/jmj2023-morbihan.fr\/?s={search_term_string}\"},\"query-input\":\"required name=search_term_string\"}],\"inLanguage\":\"fr-FR\"},{\"@type\":\"Organization\",\"@id\":\"https:\/\/jmj2023-morbihan.fr\/#organization\",\"name\":\"JMJ 2023 LISBONNE : PARS AVEC LE MORBIHAN\",\"url\":\"https:\/\/jmj2023-morbihan.fr\/\",\"logo\":{\"@type\":\"ImageObject\",\"inLanguage\":\"fr-FR\",\"@id\":\"https:\/\/jmj2023-morbihan.fr\/#\/schema\/logo\/image\/\",\"url\":\"https:\/\/jmj2023-morbihan.fr\/wp-content\/uploads\/2022\/11\/jmj2023-morbihan-lisbonne-logo-rond.png\",\"contentUrl\":\"https:\/\/jmj2023-morbihan.fr\/wp-content\/uploads\/2022\/11\/jmj2023-morbihan-lisbonne-logo-rond.png\",\"width\":200,\"height\":200,\"caption\":\"JMJ 2023 LISBONNE : PARS AVEC LE MORBIHAN\"},\"image\":{\"@id\":\"https:\/\/jmj2023-morbihan.fr\/#\/schema\/logo\/image\/\"},\"sameAs\":[\"https:\/\/www.facebook.com\/jmj2023morbihan\",\"https:\/\/www.instagram.com\/jmj2023morbihan\/\"]},{\"@type\":\"Person\",\"@id\":\"https:\/\/jmj2023-morbihan.fr\/#\/schema\/person\/e3c4aa08f56cac91a126a58b8bc667d1\",\"name\":\"\u00c9quipe com' JMJ Morbihan\",\"image\":{\"@type\":\"ImageObject\",\"inLanguage\":\"fr-FR\",\"@id\":\"https:\/\/jmj2023-morbihan.fr\/#\/schema\/person\/image\/\",\"url\":\"https:\/\/secure.gravatar.com\/avatar\/472dd6a0422fc63441e9279b77ab228870d99ced6aa41d85ac33e9475a065826?s=96&d=mm&r=g\",\"contentUrl\":\"https:\/\/secure.gravatar.com\/avatar\/472dd6a0422fc63441e9279b77ab228870d99ced6aa41d85ac33e9475a065826?s=96&d=mm&r=g\",\"caption\":\"\u00c9quipe com' JMJ Morbihan\"},\"url\":\"https:\/\/jmj2023-morbihan.fr\/index.php\/author\/isabelle-claquin\/\"}]}<\/script>\n<!-- \/ Yoast SEO plugin. -->","yoast_head_json":{"title":"Une pi\u00e8ce de monnaie et des timbres pour les JMJ 2023 ! - JMJ 2023 LISBONNE : PARS AVEC LE MORBIHAN","robots":{"index":"index","follow":"follow","max-snippet":"max-snippet:-1","max-image-preview":"max-image-preview:large","max-video-preview":"max-video-preview:-1"},"canonical":"https:\/\/jmj2023-morbihan.fr\/index.php\/2023\/07\/21\/une-piece-de-monnaie-et-des-timbres-pour-les-jmj-2023\/","og_locale":"fr_FR","og_type":"article","og_title":"Une pi\u00e8ce de monnaie et des timbres pour les JMJ 2023 ! - JMJ 2023 LISBONNE : PARS AVEC LE MORBIHAN","og_description":"Pour marquer l&rsquo;organisation des JMJ Lisbonne 2023, la R\u00e9publique portugaise \u00e9met une pi\u00e8ce comm\u00e9morative de 2,00 \u20ac. Cette pi\u00e8ce comm\u00e9morative permettra \u00e0 15 jeunes de tous les pays africains de langue portugaise (PALOP) de participer au plus grand rassemblement mondial de jeunes avec le Pape. \u00ab\u00a0Elle a \u00e9t\u00e9 accueillie avec une grande joie par ces &hellip; Une pi\u00e8ce de monnaie et des timbres pour les JMJ 2023 ! Lire la suite\u00a0\u00bb","og_url":"https:\/\/jmj2023-morbihan.fr\/index.php\/2023\/07\/21\/une-piece-de-monnaie-et-des-timbres-pour-les-jmj-2023\/","og_site_name":"JMJ 2023 LISBONNE : PARS AVEC LE MORBIHAN","article_publisher":"https:\/\/www.facebook.com\/jmj2023morbihan","article_published_time":"2023-07-21T16:35:23+00:00","article_modified_time":"2023-07-21T16:35:25+00:00","og_image":[{"width":780,"height":555,"url":"https:\/\/jmj2023-morbihan.fr\/wp-content\/uploads\/2023\/07\/timbres-JMJ-2023.jpg","type":"image\/jpeg"}],"author":"\u00c9quipe com' JMJ Morbihan","twitter_card":"summary_large_image","twitter_misc":{"\u00c9crit par":"\u00c9quipe com' JMJ Morbihan","Dur\u00e9e de lecture estim\u00e9e":"2 minutes"},"schema":{"@context":"https:\/\/schema.org","@graph":[{"@type":"Article","@id":"https:\/\/jmj2023-morbihan.fr\/index.php\/2023\/07\/21\/une-piece-de-monnaie-et-des-timbres-pour-les-jmj-2023\/#article","isPartOf":{"@id":"https:\/\/jmj2023-morbihan.fr\/index.php\/2023\/07\/21\/une-piece-de-monnaie-et-des-timbres-pour-les-jmj-2023\/"},"author":{"name":"\u00c9quipe com' JMJ Morbihan","@id":"https:\/\/jmj2023-morbihan.fr\/#\/schema\/person\/e3c4aa08f56cac91a126a58b8bc667d1"},"headline":"Une pi\u00e8ce de monnaie et des timbres pour les JMJ 2023 !","datePublished":"2023-07-21T16:35:23+00:00","dateModified":"2023-07-21T16:35:25+00:00","mainEntityOfPage":{"@id":"https:\/\/jmj2023-morbihan.fr\/index.php\/2023\/07\/21\/une-piece-de-monnaie-et-des-timbres-pour-les-jmj-2023\/"},"wordCount":245,"publisher":{"@id":"https:\/\/jmj2023-morbihan.fr\/#organization"},"articleSection":["NEWS"],"inLanguage":"fr-FR"},{"@type":"WebPage","@id":"https:\/\/jmj2023-morbihan.fr\/index.php\/2023\/07\/21\/une-piece-de-monnaie-et-des-timbres-pour-les-jmj-2023\/","url":"https:\/\/jmj2023-morbihan.fr\/index.php\/2023\/07\/21\/une-piece-de-monnaie-et-des-timbres-pour-les-jmj-2023\/","name":"Une pi\u00e8ce de monnaie et des timbres pour les JMJ 2023 ! - JMJ 2023 LISBONNE : PARS AVEC LE MORBIHAN","isPartOf":{"@id":"https:\/\/jmj2023-morbihan.fr\/#website"},"datePublished":"2023-07-21T16:35:23+00:00","dateModified":"2023-07-21T16:35:25+00:00","breadcrumb":{"@id":"https:\/\/jmj2023-morbihan.fr\/index.php\/2023\/07\/21\/une-piece-de-monnaie-et-des-timbres-pour-les-jmj-2023\/#breadcrumb"},"inLanguage":"fr-FR","potentialAction":[{"@type":"ReadAction","target":["https:\/\/jmj2023-morbihan.fr\/index.php\/2023\/07\/21\/une-piece-de-monnaie-et-des-timbres-pour-les-jmj-2023\/"]}]},{"@type":"BreadcrumbList","@id":"https:\/\/jmj2023-morbihan.fr\/index.php\/2023\/07\/21\/une-piece-de-monnaie-et-des-timbres-pour-les-jmj-2023\/#breadcrumb","itemListElement":[{"@type":"ListItem","position":1,"name":"Accueil","item":"https:\/\/jmj2023-morbihan.fr\/"},{"@type":"ListItem","position":2,"name":"Une pi\u00e8ce de monnaie et des timbres pour les JMJ 2023 !"}]},{"@type":"WebSite","@id":"https:\/\/jmj2023-morbihan.fr\/#website","url":"https:\/\/jmj2023-morbihan.fr\/","name":"JMJ 2023 LISBONNE : PARS AVEC LE MORBIHAN","description":"Le site des Journ\u00e9es Mondiales de la Jeunesse 2023 pour le dioc\u00e8se de Vannes (Morbihan)","publisher":{"@id":"https:\/\/jmj2023-morbihan.fr\/#organization"},"potentialAction":[{"@type":"SearchAction","target":{"@type":"EntryPoint","urlTemplate":"https:\/\/jmj2023-morbihan.fr\/?s={search_term_string}"},"query-input":"required name=search_term_string"}],"inLanguage":"fr-FR"},{"@type":"Organization","@id":"https:\/\/jmj2023-morbihan.fr\/#organization","name":"JMJ 2023 LISBONNE : PARS AVEC LE MORBIHAN","url":"https:\/\/jmj2023-morbihan.fr\/","logo":{"@type":"ImageObject","inLanguage":"fr-FR","@id":"https:\/\/jmj2023-morbihan.fr\/#\/schema\/logo\/image\/","url":"https:\/\/jmj2023-morbihan.fr\/wp-content\/uploads\/2022\/11\/jmj2023-morbihan-lisbonne-logo-rond.png","contentUrl":"https:\/\/jmj2023-morbihan.fr\/wp-content\/uploads\/2022\/11\/jmj2023-morbihan-lisbonne-logo-rond.png","width":200,"height":200,"caption":"JMJ 2023 LISBONNE : PARS AVEC LE MORBIHAN"},"image":{"@id":"https:\/\/jmj2023-morbihan.fr\/#\/schema\/logo\/image\/"},"sameAs":["https:\/\/www.facebook.com\/jmj2023morbihan","https:\/\/www.instagram.com\/jmj2023morbihan\/"]},{"@type":"Person","@id":"https:\/\/jmj2023-morbihan.fr\/#\/schema\/person\/e3c4aa08f56cac91a126a58b8bc667d1","name":"\u00c9quipe com' JMJ Morbihan","image":{"@type":"ImageObject","inLanguage":"fr-FR","@id":"https:\/\/jmj2023-morbihan.fr\/#\/schema\/person\/image\/","url":"https:\/\/secure.gravatar.com\/avatar\/472dd6a0422fc63441e9279b77ab228870d99ced6aa41d85ac33e9475a065826?s=96&d=mm&r=g","contentUrl":"https:\/\/secure.gravatar.com\/avatar\/472dd6a0422fc63441e9279b77ab228870d99ced6aa41d85ac33e9475a065826?s=96&d=mm&r=g","caption":"\u00c9quipe com' JMJ Morbihan"},"url":"https:\/\/jmj2023-morbihan.fr\/index.php\/author\/isabelle-claquin\/"}]}},"jetpack_featured_media_url":"https:\/\/jmj2023-morbihan.fr\/wp-content\/uploads\/2023\/07\/timbres-JMJ-2023.jpg","_links":{"self":[{"href":"https:\/\/jmj2023-morbihan.fr\/index.php\/wp-json\/wp\/v2\/posts\/729","targetHints":{"allow":["GET"]}}],"collection":[{"href":"https:\/\/jmj2023-morbihan.fr\/index.php\/wp-json\/wp\/v2\/posts"}],"about":[{"href":"https:\/\/jmj2023-morbihan.fr\/index.php\/wp-json\/wp\/v2\/types\/post"}],"author":[{"embeddable":true,"href":"https:\/\/jmj2023-morbihan.fr\/index.php\/wp-json\/wp\/v2\/users\/2"}],"replies":[{"embeddable":true,"href":"https:\/\/jmj2023-morbihan.fr\/index.php\/wp-json\/wp\/v2\/comments?post=729"}],"version-history":[{"count":1,"href":"https:\/\/jmj2023-morbihan.fr\/index.php\/wp-json\/wp\/v2\/posts\/729\/revisions"}],"predecessor-version":[{"id":733,"href":"https:\/\/jmj2023-morbihan.fr\/index.php\/wp-json\/wp\/v2\/posts\/729\/revisions\/733"}],"wp:featuredmedia":[{"embeddable":true,"href":"https:\/\/jmj2023-morbihan.fr\/index.php\/wp-json\/wp\/v2\/media\/732"}],"wp:attachment":[{"href":"https:\/\/jmj2023-morbihan.fr\/index.php\/wp-json\/wp\/v2\/media?parent=729"}],"wp:term":[{"taxonomy":"category","embeddable":true,"href":"https:\/\/jmj2023-morbihan.fr\/index.php\/wp-json\/wp\/v2\/categories?post=729"},{"taxonomy":"post_tag","embeddable":true,"href":"https:\/\/jmj2023-morbihan.fr\/index.php\/wp-json\/wp\/v2\/tags?post=729"}],"curies":[{"name":"wp","href":"https:\/\/api.w.org\/{rel}","templated":true}]}}