{"id":734,"date":"2023-07-24T11:47:07","date_gmt":"2023-07-24T09:47:07","guid":{"rendered":"https:\/\/jmj2023-morbihan.fr\/?p=734"},"modified":"2023-07-24T18:28:09","modified_gmt":"2023-07-24T16:28:09","slug":"suivez-nos-jmjistes-sur-instagram","status":"publish","type":"post","link":"https:\/\/jmj2023-morbihan.fr\/index.php\/2023\/07\/24\/suivez-nos-jmjistes-sur-instagram\/","title":{"rendered":"Suivez nos jmjistes sur instagram"},"content":{"rendered":"\n<p>Suivez des nouvelles des jmjistes morbihannais sur le compte instagram des JMJ Morbihan : <a href=\"https:\/\/www.instagram.com\/jmj2023morbihan\/\" target=\"_blank\" rel=\"noreferrer noopener\">@jmj2023morbihan<\/a><\/p>\n\n\n\n<p><strong>Finist\u00e9riens et Morbihannais bien arriv\u00e9s !<\/strong><\/p>\n\n\n\n<figure class=\"wp-block-image size-full\"><img loading=\"lazy\" decoding=\"async\" width=\"762\" height=\"743\" src=\"https:\/\/jmj2023-morbihan.fr\/wp-content\/uploads\/2023\/07\/JMJ-arrivee-Porto-2-\u00a9Diocese-29.jpg\" alt=\"\" class=\"wp-image-774\" srcset=\"https:\/\/jmj2023-morbihan.fr\/wp-content\/uploads\/2023\/07\/JMJ-arrivee-Porto-2-\u00a9Diocese-29.jpg 762w, https:\/\/jmj2023-morbihan.fr\/wp-content\/uploads\/2023\/07\/JMJ-arrivee-Porto-2-\u00a9Diocese-29-300x293.jpg 300w\" sizes=\"auto, (max-width: 762px) 100vw, 762px\" \/><\/figure>\n\n\n\n<p><strong>Le grand d\u00e9part pour les majeurs, dimanche dernier s&rsquo;est d\u00e9roul\u00e9 sous la pluie ! Sans entamer le sourire des p\u00e8lerins \ud83d\udd25\ud83d\ude8c. Le p\u00e8re Ivan Brient est venu b\u00e9nir les jmjistes au nom de Monseigneur Cent\u00e8ne<\/strong><em><strong>.<\/strong>(voir vid\u00e9o ci-dessous)<\/em><\/p>\n\n\n\n<div class=\"wp-block-columns is-layout-flex wp-container-core-columns-is-layout-28f84493 wp-block-columns-is-layout-flex\">\n<div class=\"wp-block-column is-layout-flow wp-block-column-is-layout-flow\">\n<figure class=\"wp-block-image size-large\"><img loading=\"lazy\" decoding=\"async\" width=\"1024\" height=\"768\" src=\"https:\/\/jmj2023-morbihan.fr\/wp-content\/uploads\/2023\/07\/Depart-JMJ-majeurs-23-juil-2023-distribution-kit-1024x768.jpg\" alt=\"\" class=\"wp-image-735\" srcset=\"https:\/\/jmj2023-morbihan.fr\/wp-content\/uploads\/2023\/07\/Depart-JMJ-majeurs-23-juil-2023-distribution-kit-1024x768.jpg 1024w, https:\/\/jmj2023-morbihan.fr\/wp-content\/uploads\/2023\/07\/Depart-JMJ-majeurs-23-juil-2023-distribution-kit-300x225.jpg 300w, https:\/\/jmj2023-morbihan.fr\/wp-content\/uploads\/2023\/07\/Depart-JMJ-majeurs-23-juil-2023-distribution-kit-768x576.jpg 768w, https:\/\/jmj2023-morbihan.fr\/wp-content\/uploads\/2023\/07\/Depart-JMJ-majeurs-23-juil-2023-distribution-kit-1536x1152.jpg 1536w, https:\/\/jmj2023-morbihan.fr\/wp-content\/uploads\/2023\/07\/Depart-JMJ-majeurs-23-juil-2023-distribution-kit-2048x1536.jpg 2048w\" sizes=\"auto, (max-width: 1024px) 100vw, 1024px\" \/><\/figure>\n\n\n\n<p>Distribution des marini\u00e8res, badges et gobelet<\/p>\n<\/div>\n\n\n\n<div class=\"wp-block-column is-layout-flow wp-block-column-is-layout-flow\">\n<figure class=\"wp-block-image size-large is-resized\"><img loading=\"lazy\" decoding=\"async\" src=\"https:\/\/jmj2023-morbihan.fr\/wp-content\/uploads\/2023\/07\/Depart-JMJ-majeurs-23-juil-2023-embarquement-sou-la-pluie-1024x718.jpg\" alt=\"\" class=\"wp-image-736\" width=\"357\" height=\"250\" srcset=\"https:\/\/jmj2023-morbihan.fr\/wp-content\/uploads\/2023\/07\/Depart-JMJ-majeurs-23-juil-2023-embarquement-sou-la-pluie-1024x718.jpg 1024w, https:\/\/jmj2023-morbihan.fr\/wp-content\/uploads\/2023\/07\/Depart-JMJ-majeurs-23-juil-2023-embarquement-sou-la-pluie-300x210.jpg 300w, https:\/\/jmj2023-morbihan.fr\/wp-content\/uploads\/2023\/07\/Depart-JMJ-majeurs-23-juil-2023-embarquement-sou-la-pluie-768x538.jpg 768w, https:\/\/jmj2023-morbihan.fr\/wp-content\/uploads\/2023\/07\/Depart-JMJ-majeurs-23-juil-2023-embarquement-sou-la-pluie-1536x1077.jpg 1536w, https:\/\/jmj2023-morbihan.fr\/wp-content\/uploads\/2023\/07\/Depart-JMJ-majeurs-23-juil-2023-embarquement-sou-la-pluie-2048x1436.jpg 2048w\" sizes=\"auto, (max-width: 357px) 100vw, 357px\" \/><\/figure>\n\n\n\n<p>Embarquement sous la pluie <\/p>\n<\/div>\n\n\n\n<div class=\"wp-block-column is-layout-flow wp-block-column-is-layout-flow\">\n<figure class=\"wp-block-image size-large is-resized\"><img loading=\"lazy\" decoding=\"async\" src=\"https:\/\/jmj2023-morbihan.fr\/wp-content\/uploads\/2023\/07\/Depart-JMJ-majeurs-23-juil-2023-cars-Morbihan-Finistere-1024x798.jpg\" alt=\"\" class=\"wp-image-737\" width=\"322\" height=\"250\" srcset=\"https:\/\/jmj2023-morbihan.fr\/wp-content\/uploads\/2023\/07\/Depart-JMJ-majeurs-23-juil-2023-cars-Morbihan-Finistere-1024x798.jpg 1024w, https:\/\/jmj2023-morbihan.fr\/wp-content\/uploads\/2023\/07\/Depart-JMJ-majeurs-23-juil-2023-cars-Morbihan-Finistere-300x234.jpg 300w, https:\/\/jmj2023-morbihan.fr\/wp-content\/uploads\/2023\/07\/Depart-JMJ-majeurs-23-juil-2023-cars-Morbihan-Finistere-768x598.jpg 768w, https:\/\/jmj2023-morbihan.fr\/wp-content\/uploads\/2023\/07\/Depart-JMJ-majeurs-23-juil-2023-cars-Morbihan-Finistere-1536x1197.jpg 1536w, https:\/\/jmj2023-morbihan.fr\/wp-content\/uploads\/2023\/07\/Depart-JMJ-majeurs-23-juil-2023-cars-Morbihan-Finistere-2048x1596.jpg 2048w\" sizes=\"auto, (max-width: 322px) 100vw, 322px\" \/><\/figure>\n\n\n\n<p>Les finist\u00e9riens rejoignent les morbihannais pour embarquer les 27 jmjistes de Vannes&#8230;<\/p>\n<\/div>\n<\/div>\n\n\n\n<div class=\"wp-block-columns is-layout-flex wp-container-core-columns-is-layout-28f84493 wp-block-columns-is-layout-flex\">\n<div class=\"wp-block-column is-layout-flow wp-block-column-is-layout-flow\">\n<figure class=\"wp-block-video\"><video height=\"1278\" style=\"aspect-ratio: 720 \/ 1278;\" width=\"720\" controls src=\"https:\/\/jmj2023-morbihan.fr\/wp-content\/uploads\/2023\/07\/Story-by-\u00a9MEMO.mp4\"><\/video><\/figure>\n<\/div>\n\n\n\n<div class=\"wp-block-column is-layout-flow wp-block-column-is-layout-flow\">\n<figure class=\"wp-block-image size-large\"><img loading=\"lazy\" decoding=\"async\" width=\"768\" height=\"1024\" src=\"https:\/\/jmj2023-morbihan.fr\/wp-content\/uploads\/2023\/07\/Depart-JMJ-majeurs-23-juil-2023-dans-le-car-768x1024.jpg\" alt=\"\" class=\"wp-image-739\" srcset=\"https:\/\/jmj2023-morbihan.fr\/wp-content\/uploads\/2023\/07\/Depart-JMJ-majeurs-23-juil-2023-dans-le-car-768x1024.jpg 768w, https:\/\/jmj2023-morbihan.fr\/wp-content\/uploads\/2023\/07\/Depart-JMJ-majeurs-23-juil-2023-dans-le-car-225x300.jpg 225w, https:\/\/jmj2023-morbihan.fr\/wp-content\/uploads\/2023\/07\/Depart-JMJ-majeurs-23-juil-2023-dans-le-car-1152x1536.jpg 1152w, https:\/\/jmj2023-morbihan.fr\/wp-content\/uploads\/2023\/07\/Depart-JMJ-majeurs-23-juil-2023-dans-le-car-1536x2048.jpg 1536w, https:\/\/jmj2023-morbihan.fr\/wp-content\/uploads\/2023\/07\/Depart-JMJ-majeurs-23-juil-2023-dans-le-car-scaled.jpg 1920w\" sizes=\"auto, (max-width: 768px) 100vw, 768px\" \/><\/figure>\n\n\n\n<p>En place dans le car morbihannais<\/p>\n<\/div>\n\n\n\n<div class=\"wp-block-column is-layout-flow wp-block-column-is-layout-flow\">\n<figure class=\"wp-block-image size-large\"><img loading=\"lazy\" decoding=\"async\" width=\"768\" height=\"1024\" src=\"https:\/\/jmj2023-morbihan.fr\/wp-content\/uploads\/2023\/07\/Depart-JMJ-majeurs-23-juil-2023-sandwich-768x1024.jpg\" alt=\"\" class=\"wp-image-740\" srcset=\"https:\/\/jmj2023-morbihan.fr\/wp-content\/uploads\/2023\/07\/Depart-JMJ-majeurs-23-juil-2023-sandwich-768x1024.jpg 768w, https:\/\/jmj2023-morbihan.fr\/wp-content\/uploads\/2023\/07\/Depart-JMJ-majeurs-23-juil-2023-sandwich-225x300.jpg 225w, https:\/\/jmj2023-morbihan.fr\/wp-content\/uploads\/2023\/07\/Depart-JMJ-majeurs-23-juil-2023-sandwich-1152x1536.jpg 1152w, https:\/\/jmj2023-morbihan.fr\/wp-content\/uploads\/2023\/07\/Depart-JMJ-majeurs-23-juil-2023-sandwich-1536x2048.jpg 1536w, https:\/\/jmj2023-morbihan.fr\/wp-content\/uploads\/2023\/07\/Depart-JMJ-majeurs-23-juil-2023-sandwich-scaled.jpg 1920w\" sizes=\"auto, (max-width: 768px) 100vw, 768px\" \/><\/figure>\n\n\n\n<p>Tr\u00e8s important : le sandwich ! Aussi long que le voyage&#8230;<\/p>\n<\/div>\n<\/div>\n","protected":false},"excerpt":{"rendered":"<p>Suivez des nouvelles des jmjistes morbihannais sur le compte instagram des JMJ Morbihan : @jmj2023morbihan Finist\u00e9riens et Morbihannais bien arriv\u00e9s ! Le grand d\u00e9part pour les majeurs, dimanche dernier s&rsquo;est d\u00e9roul\u00e9 sous la pluie ! Sans entamer le sourire des p\u00e8lerins \ud83d\udd25\ud83d\ude8c. Le p\u00e8re Ivan Brient est venu b\u00e9nir les jmjistes au nom de Monseigneur &hellip;<\/p>\n<p class=\"read-more\"> <a class=\"\" href=\"https:\/\/jmj2023-morbihan.fr\/index.php\/2023\/07\/24\/suivez-nos-jmjistes-sur-instagram\/\"> <span class=\"screen-reader-text\">Suivez nos jmjistes sur instagram<\/span> Lire la suite\u00a0\u00bb<\/a><\/p>\n","protected":false},"author":2,"featured_media":774,"comment_status":"closed","ping_status":"closed","sticky":false,"template":"","format":"standard","meta":{"site-sidebar-layout":"default","site-content-layout":"default","ast-global-header-display":"","ast-main-header-display":"","ast-hfb-above-header-display":"","ast-hfb-below-header-display":"","ast-hfb-mobile-header-display":"","site-post-title":"","ast-breadcrumbs-content":"","ast-featured-img":"","footer-sml-layout":"","theme-transparent-header-meta":"","adv-header-id-meta":"","stick-header-meta":"","header-above-stick-meta":"","header-main-stick-meta":"","header-below-stick-meta":"","footnotes":""},"categories":[1],"tags":[],"class_list":["post-734","post","type-post","status-publish","format-standard","has-post-thumbnail","hentry","category-non-classe"],"yoast_head":"<!-- This site is optimized with the Yoast SEO plugin v20.3 - https:\/\/yoast.com\/wordpress\/plugins\/seo\/ -->\n<title>Suivez nos jmjistes sur instagram - JMJ 2023 LISBONNE : PARS AVEC LE MORBIHAN<\/title>\n<meta name=\"robots\" content=\"index, follow, max-snippet:-1, max-image-preview:large, max-video-preview:-1\" \/>\n<link rel=\"canonical\" href=\"https:\/\/jmj2023-morbihan.fr\/index.php\/2023\/07\/24\/suivez-nos-jmjistes-sur-instagram\/\" \/>\n<meta property=\"og:locale\" content=\"fr_FR\" \/>\n<meta property=\"og:type\" content=\"article\" \/>\n<meta property=\"og:title\" content=\"Suivez nos jmjistes sur instagram - JMJ 2023 LISBONNE : PARS AVEC LE MORBIHAN\" \/>\n<meta property=\"og:description\" content=\"Suivez des nouvelles des jmjistes morbihannais sur le compte instagram des JMJ Morbihan : @jmj2023morbihan Finist\u00e9riens et Morbihannais bien arriv\u00e9s ! Le grand d\u00e9part pour les majeurs, dimanche dernier s&rsquo;est d\u00e9roul\u00e9 sous la pluie ! Sans entamer le sourire des p\u00e8lerins \ud83d\udd25\ud83d\ude8c. Le p\u00e8re Ivan Brient est venu b\u00e9nir les jmjistes au nom de Monseigneur &hellip; Suivez nos jmjistes sur instagram Lire la suite\u00a0\u00bb\" \/>\n<meta property=\"og:url\" content=\"https:\/\/jmj2023-morbihan.fr\/index.php\/2023\/07\/24\/suivez-nos-jmjistes-sur-instagram\/\" \/>\n<meta property=\"og:site_name\" content=\"JMJ 2023 LISBONNE : PARS AVEC LE MORBIHAN\" \/>\n<meta property=\"article:publisher\" content=\"https:\/\/www.facebook.com\/jmj2023morbihan\" \/>\n<meta property=\"article:published_time\" content=\"2023-07-24T09:47:07+00:00\" \/>\n<meta property=\"article:modified_time\" content=\"2023-07-24T16:28:09+00:00\" \/>\n<meta property=\"og:image\" content=\"https:\/\/jmj2023-morbihan.fr\/wp-content\/uploads\/2023\/07\/JMJ-arrivee-Porto-2-\u00a9Diocese-29.jpg\" \/>\n\t<meta property=\"og:image:width\" content=\"762\" \/>\n\t<meta property=\"og:image:height\" content=\"743\" \/>\n\t<meta property=\"og:image:type\" content=\"image\/jpeg\" \/>\n<meta name=\"author\" content=\"\u00c9quipe com&#039; JMJ Morbihan\" \/>\n<meta name=\"twitter:card\" content=\"summary_large_image\" \/>\n<meta name=\"twitter:label1\" content=\"\u00c9crit par\" \/>\n\t<meta name=\"twitter:data1\" content=\"\u00c9quipe com' JMJ Morbihan\" \/>\n\t<meta name=\"twitter:label2\" content=\"Dur\u00e9e de lecture estim\u00e9e\" \/>\n\t<meta name=\"twitter:data2\" content=\"2 minutes\" \/>\n<script type=\"application\/ld+json\" class=\"yoast-schema-graph\">{\"@context\":\"https:\/\/schema.org\",\"@graph\":[{\"@type\":\"Article\",\"@id\":\"https:\/\/jmj2023-morbihan.fr\/index.php\/2023\/07\/24\/suivez-nos-jmjistes-sur-instagram\/#article\",\"isPartOf\":{\"@id\":\"https:\/\/jmj2023-morbihan.fr\/index.php\/2023\/07\/24\/suivez-nos-jmjistes-sur-instagram\/\"},\"author\":{\"name\":\"\u00c9quipe com' JMJ Morbihan\",\"@id\":\"https:\/\/jmj2023-morbihan.fr\/#\/schema\/person\/e3c4aa08f56cac91a126a58b8bc667d1\"},\"headline\":\"Suivez nos jmjistes sur instagram\",\"datePublished\":\"2023-07-24T09:47:07+00:00\",\"dateModified\":\"2023-07-24T16:28:09+00:00\",\"mainEntityOfPage\":{\"@id\":\"https:\/\/jmj2023-morbihan.fr\/index.php\/2023\/07\/24\/suivez-nos-jmjistes-sur-instagram\/\"},\"wordCount\":109,\"publisher\":{\"@id\":\"https:\/\/jmj2023-morbihan.fr\/#organization\"},\"inLanguage\":\"fr-FR\"},{\"@type\":\"WebPage\",\"@id\":\"https:\/\/jmj2023-morbihan.fr\/index.php\/2023\/07\/24\/suivez-nos-jmjistes-sur-instagram\/\",\"url\":\"https:\/\/jmj2023-morbihan.fr\/index.php\/2023\/07\/24\/suivez-nos-jmjistes-sur-instagram\/\",\"name\":\"Suivez nos jmjistes sur instagram - JMJ 2023 LISBONNE : PARS AVEC LE MORBIHAN\",\"isPartOf\":{\"@id\":\"https:\/\/jmj2023-morbihan.fr\/#website\"},\"datePublished\":\"2023-07-24T09:47:07+00:00\",\"dateModified\":\"2023-07-24T16:28:09+00:00\",\"breadcrumb\":{\"@id\":\"https:\/\/jmj2023-morbihan.fr\/index.php\/2023\/07\/24\/suivez-nos-jmjistes-sur-instagram\/#breadcrumb\"},\"inLanguage\":\"fr-FR\",\"potentialAction\":[{\"@type\":\"ReadAction\",\"target\":[\"https:\/\/jmj2023-morbihan.fr\/index.php\/2023\/07\/24\/suivez-nos-jmjistes-sur-instagram\/\"]}]},{\"@type\":\"BreadcrumbList\",\"@id\":\"https:\/\/jmj2023-morbihan.fr\/index.php\/2023\/07\/24\/suivez-nos-jmjistes-sur-instagram\/#breadcrumb\",\"itemListElement\":[{\"@type\":\"ListItem\",\"position\":1,\"name\":\"Accueil\",\"item\":\"https:\/\/jmj2023-morbihan.fr\/\"},{\"@type\":\"ListItem\",\"position\":2,\"name\":\"Suivez nos jmjistes sur instagram\"}]},{\"@type\":\"WebSite\",\"@id\":\"https:\/\/jmj2023-morbihan.fr\/#website\",\"url\":\"https:\/\/jmj2023-morbihan.fr\/\",\"name\":\"JMJ 2023 LISBONNE : PARS AVEC LE MORBIHAN\",\"description\":\"Le site des Journ\u00e9es Mondiales de la Jeunesse 2023 pour le dioc\u00e8se de Vannes (Morbihan)\",\"publisher\":{\"@id\":\"https:\/\/jmj2023-morbihan.fr\/#organization\"},\"potentialAction\":[{\"@type\":\"SearchAction\",\"target\":{\"@type\":\"EntryPoint\",\"urlTemplate\":\"https:\/\/jmj2023-morbihan.fr\/?s={search_term_string}\"},\"query-input\":\"required name=search_term_string\"}],\"inLanguage\":\"fr-FR\"},{\"@type\":\"Organization\",\"@id\":\"https:\/\/jmj2023-morbihan.fr\/#organization\",\"name\":\"JMJ 2023 LISBONNE : PARS AVEC LE MORBIHAN\",\"url\":\"https:\/\/jmj2023-morbihan.fr\/\",\"logo\":{\"@type\":\"ImageObject\",\"inLanguage\":\"fr-FR\",\"@id\":\"https:\/\/jmj2023-morbihan.fr\/#\/schema\/logo\/image\/\",\"url\":\"https:\/\/jmj2023-morbihan.fr\/wp-content\/uploads\/2022\/11\/jmj2023-morbihan-lisbonne-logo-rond.png\",\"contentUrl\":\"https:\/\/jmj2023-morbihan.fr\/wp-content\/uploads\/2022\/11\/jmj2023-morbihan-lisbonne-logo-rond.png\",\"width\":200,\"height\":200,\"caption\":\"JMJ 2023 LISBONNE : PARS AVEC LE MORBIHAN\"},\"image\":{\"@id\":\"https:\/\/jmj2023-morbihan.fr\/#\/schema\/logo\/image\/\"},\"sameAs\":[\"https:\/\/www.facebook.com\/jmj2023morbihan\",\"https:\/\/www.instagram.com\/jmj2023morbihan\/\"]},{\"@type\":\"Person\",\"@id\":\"https:\/\/jmj2023-morbihan.fr\/#\/schema\/person\/e3c4aa08f56cac91a126a58b8bc667d1\",\"name\":\"\u00c9quipe com' JMJ Morbihan\",\"image\":{\"@type\":\"ImageObject\",\"inLanguage\":\"fr-FR\",\"@id\":\"https:\/\/jmj2023-morbihan.fr\/#\/schema\/person\/image\/\",\"url\":\"https:\/\/secure.gravatar.com\/avatar\/472dd6a0422fc63441e9279b77ab228870d99ced6aa41d85ac33e9475a065826?s=96&d=mm&r=g\",\"contentUrl\":\"https:\/\/secure.gravatar.com\/avatar\/472dd6a0422fc63441e9279b77ab228870d99ced6aa41d85ac33e9475a065826?s=96&d=mm&r=g\",\"caption\":\"\u00c9quipe com' JMJ Morbihan\"},\"url\":\"https:\/\/jmj2023-morbihan.fr\/index.php\/author\/isabelle-claquin\/\"}]}<\/script>\n<!-- \/ Yoast SEO plugin. -->","yoast_head_json":{"title":"Suivez nos jmjistes sur instagram - JMJ 2023 LISBONNE : PARS AVEC LE MORBIHAN","robots":{"index":"index","follow":"follow","max-snippet":"max-snippet:-1","max-image-preview":"max-image-preview:large","max-video-preview":"max-video-preview:-1"},"canonical":"https:\/\/jmj2023-morbihan.fr\/index.php\/2023\/07\/24\/suivez-nos-jmjistes-sur-instagram\/","og_locale":"fr_FR","og_type":"article","og_title":"Suivez nos jmjistes sur instagram - JMJ 2023 LISBONNE : PARS AVEC LE MORBIHAN","og_description":"Suivez des nouvelles des jmjistes morbihannais sur le compte instagram des JMJ Morbihan : @jmj2023morbihan Finist\u00e9riens et Morbihannais bien arriv\u00e9s ! Le grand d\u00e9part pour les majeurs, dimanche dernier s&rsquo;est d\u00e9roul\u00e9 sous la pluie ! Sans entamer le sourire des p\u00e8lerins \ud83d\udd25\ud83d\ude8c. Le p\u00e8re Ivan Brient est venu b\u00e9nir les jmjistes au nom de Monseigneur &hellip; Suivez nos jmjistes sur instagram Lire la suite\u00a0\u00bb","og_url":"https:\/\/jmj2023-morbihan.fr\/index.php\/2023\/07\/24\/suivez-nos-jmjistes-sur-instagram\/","og_site_name":"JMJ 2023 LISBONNE : PARS AVEC LE MORBIHAN","article_publisher":"https:\/\/www.facebook.com\/jmj2023morbihan","article_published_time":"2023-07-24T09:47:07+00:00","article_modified_time":"2023-07-24T16:28:09+00:00","og_image":[{"width":762,"height":743,"url":"https:\/\/jmj2023-morbihan.fr\/wp-content\/uploads\/2023\/07\/JMJ-arrivee-Porto-2-\u00a9Diocese-29.jpg","type":"image\/jpeg"}],"author":"\u00c9quipe com' JMJ Morbihan","twitter_card":"summary_large_image","twitter_misc":{"\u00c9crit par":"\u00c9quipe com' JMJ Morbihan","Dur\u00e9e de lecture estim\u00e9e":"2 minutes"},"schema":{"@context":"https:\/\/schema.org","@graph":[{"@type":"Article","@id":"https:\/\/jmj2023-morbihan.fr\/index.php\/2023\/07\/24\/suivez-nos-jmjistes-sur-instagram\/#article","isPartOf":{"@id":"https:\/\/jmj2023-morbihan.fr\/index.php\/2023\/07\/24\/suivez-nos-jmjistes-sur-instagram\/"},"author":{"name":"\u00c9quipe com' JMJ Morbihan","@id":"https:\/\/jmj2023-morbihan.fr\/#\/schema\/person\/e3c4aa08f56cac91a126a58b8bc667d1"},"headline":"Suivez nos jmjistes sur instagram","datePublished":"2023-07-24T09:47:07+00:00","dateModified":"2023-07-24T16:28:09+00:00","mainEntityOfPage":{"@id":"https:\/\/jmj2023-morbihan.fr\/index.php\/2023\/07\/24\/suivez-nos-jmjistes-sur-instagram\/"},"wordCount":109,"publisher":{"@id":"https:\/\/jmj2023-morbihan.fr\/#organization"},"inLanguage":"fr-FR"},{"@type":"WebPage","@id":"https:\/\/jmj2023-morbihan.fr\/index.php\/2023\/07\/24\/suivez-nos-jmjistes-sur-instagram\/","url":"https:\/\/jmj2023-morbihan.fr\/index.php\/2023\/07\/24\/suivez-nos-jmjistes-sur-instagram\/","name":"Suivez nos jmjistes sur instagram - JMJ 2023 LISBONNE : PARS AVEC LE MORBIHAN","isPartOf":{"@id":"https:\/\/jmj2023-morbihan.fr\/#website"},"datePublished":"2023-07-24T09:47:07+00:00","dateModified":"2023-07-24T16:28:09+00:00","breadcrumb":{"@id":"https:\/\/jmj2023-morbihan.fr\/index.php\/2023\/07\/24\/suivez-nos-jmjistes-sur-instagram\/#breadcrumb"},"inLanguage":"fr-FR","potentialAction":[{"@type":"ReadAction","target":["https:\/\/jmj2023-morbihan.fr\/index.php\/2023\/07\/24\/suivez-nos-jmjistes-sur-instagram\/"]}]},{"@type":"BreadcrumbList","@id":"https:\/\/jmj2023-morbihan.fr\/index.php\/2023\/07\/24\/suivez-nos-jmjistes-sur-instagram\/#breadcrumb","itemListElement":[{"@type":"ListItem","position":1,"name":"Accueil","item":"https:\/\/jmj2023-morbihan.fr\/"},{"@type":"ListItem","position":2,"name":"Suivez nos jmjistes sur instagram"}]},{"@type":"WebSite","@id":"https:\/\/jmj2023-morbihan.fr\/#website","url":"https:\/\/jmj2023-morbihan.fr\/","name":"JMJ 2023 LISBONNE : PARS AVEC LE MORBIHAN","description":"Le site des Journ\u00e9es Mondiales de la Jeunesse 2023 pour le dioc\u00e8se de Vannes (Morbihan)","publisher":{"@id":"https:\/\/jmj2023-morbihan.fr\/#organization"},"potentialAction":[{"@type":"SearchAction","target":{"@type":"EntryPoint","urlTemplate":"https:\/\/jmj2023-morbihan.fr\/?s={search_term_string}"},"query-input":"required name=search_term_string"}],"inLanguage":"fr-FR"},{"@type":"Organization","@id":"https:\/\/jmj2023-morbihan.fr\/#organization","name":"JMJ 2023 LISBONNE : PARS AVEC LE MORBIHAN","url":"https:\/\/jmj2023-morbihan.fr\/","logo":{"@type":"ImageObject","inLanguage":"fr-FR","@id":"https:\/\/jmj2023-morbihan.fr\/#\/schema\/logo\/image\/","url":"https:\/\/jmj2023-morbihan.fr\/wp-content\/uploads\/2022\/11\/jmj2023-morbihan-lisbonne-logo-rond.png","contentUrl":"https:\/\/jmj2023-morbihan.fr\/wp-content\/uploads\/2022\/11\/jmj2023-morbihan-lisbonne-logo-rond.png","width":200,"height":200,"caption":"JMJ 2023 LISBONNE : PARS AVEC LE MORBIHAN"},"image":{"@id":"https:\/\/jmj2023-morbihan.fr\/#\/schema\/logo\/image\/"},"sameAs":["https:\/\/www.facebook.com\/jmj2023morbihan","https:\/\/www.instagram.com\/jmj2023morbihan\/"]},{"@type":"Person","@id":"https:\/\/jmj2023-morbihan.fr\/#\/schema\/person\/e3c4aa08f56cac91a126a58b8bc667d1","name":"\u00c9quipe com' JMJ Morbihan","image":{"@type":"ImageObject","inLanguage":"fr-FR","@id":"https:\/\/jmj2023-morbihan.fr\/#\/schema\/person\/image\/","url":"https:\/\/secure.gravatar.com\/avatar\/472dd6a0422fc63441e9279b77ab228870d99ced6aa41d85ac33e9475a065826?s=96&d=mm&r=g","contentUrl":"https:\/\/secure.gravatar.com\/avatar\/472dd6a0422fc63441e9279b77ab228870d99ced6aa41d85ac33e9475a065826?s=96&d=mm&r=g","caption":"\u00c9quipe com' JMJ Morbihan"},"url":"https:\/\/jmj2023-morbihan.fr\/index.php\/author\/isabelle-claquin\/"}]}},"jetpack_featured_media_url":"https:\/\/jmj2023-morbihan.fr\/wp-content\/uploads\/2023\/07\/JMJ-arrivee-Porto-2-\u00a9Diocese-29.jpg","_links":{"self":[{"href":"https:\/\/jmj2023-morbihan.fr\/index.php\/wp-json\/wp\/v2\/posts\/734","targetHints":{"allow":["GET"]}}],"collection":[{"href":"https:\/\/jmj2023-morbihan.fr\/index.php\/wp-json\/wp\/v2\/posts"}],"about":[{"href":"https:\/\/jmj2023-morbihan.fr\/index.php\/wp-json\/wp\/v2\/types\/post"}],"author":[{"embeddable":true,"href":"https:\/\/jmj2023-morbihan.fr\/index.php\/wp-json\/wp\/v2\/users\/2"}],"replies":[{"embeddable":true,"href":"https:\/\/jmj2023-morbihan.fr\/index.php\/wp-json\/wp\/v2\/comments?post=734"}],"version-history":[{"count":3,"href":"https:\/\/jmj2023-morbihan.fr\/index.php\/wp-json\/wp\/v2\/posts\/734\/revisions"}],"predecessor-version":[{"id":776,"href":"https:\/\/jmj2023-morbihan.fr\/index.php\/wp-json\/wp\/v2\/posts\/734\/revisions\/776"}],"wp:featuredmedia":[{"embeddable":true,"href":"https:\/\/jmj2023-morbihan.fr\/index.php\/wp-json\/wp\/v2\/media\/774"}],"wp:attachment":[{"href":"https:\/\/jmj2023-morbihan.fr\/index.php\/wp-json\/wp\/v2\/media?parent=734"}],"wp:term":[{"taxonomy":"category","embeddable":true,"href":"https:\/\/jmj2023-morbihan.fr\/index.php\/wp-json\/wp\/v2\/categories?post=734"},{"taxonomy":"post_tag","embeddable":true,"href":"https:\/\/jmj2023-morbihan.fr\/index.php\/wp-json\/wp\/v2\/tags?post=734"}],"curies":[{"name":"wp","href":"https:\/\/api.w.org\/{rel}","templated":true}]}}