{"id":742,"date":"2023-07-24T12:33:18","date_gmt":"2023-07-24T10:33:18","guid":{"rendered":"https:\/\/jmj2023-morbihan.fr\/?p=742"},"modified":"2023-07-24T14:02:14","modified_gmt":"2023-07-24T12:02:14","slug":"retransmission-des-moments-forts-sur-kto","status":"publish","type":"post","link":"https:\/\/jmj2023-morbihan.fr\/index.php\/2023\/07\/24\/retransmission-des-moments-forts-sur-kto\/","title":{"rendered":"Retransmission des moments forts sur KTO"},"content":{"rendered":"\n<p>KTO, partenaire officiel des 37\u00e8me Journ\u00e9es Mondiales de la Jeunesse, permettra de vivre en direct les grandes c\u00e9l\u00e9brations et les directs du Pape, et propose des rendez-vous quotidiens du 31 juillet au 6 ao\u00fbt.<\/p>\n\n\n\n<p>Pour ce faire, une quinzaine de journalistes et techniciens de l\u2019audiovisuel sont d\u00e9p\u00each\u00e9s sur place afin de proposer des \u00e9missions d\u00e9di\u00e9es, dont le journal quotidien des JMJ, pour revenir sur les faits marquants de la journ\u00e9e, et des \u00ab cartes postales vid\u00e9os \u00bb de nos reporters embarqu\u00e9s dans des Groupes \u00e0 Nantes et en Belgique.<br>Cette couverture dense sera compl\u00e9t\u00e9e par plusieurs documentaires sur la foi de la jeunesse.<br>Tous les programmes seront \u00e9galement disponibles sur les chaines Facebook et YouTube et sur le site internet de KTO : JMJ Lisbonne : <a href=\"https:\/\/www.ktotv.com\/page\/jmj-lisbonne-pape-2023-portugal-jeunes\" target=\"_blank\" rel=\"noreferrer noopener\">toute la programmation \u00e0 suivre sur KTO<\/a><\/p>\n\n\n\n<figure class=\"wp-block-image size-full\"><a href=\"https:\/\/www.ktotv.com\/page\/jmj-lisbonne-pape-2023-portugal-jeunes\" target=\"_blank\" rel=\"noreferrer noopener\"><img loading=\"lazy\" decoding=\"async\" width=\"1129\" height=\"387\" src=\"https:\/\/jmj2023-morbihan.fr\/wp-content\/uploads\/2023\/07\/bandeau-KTO-TV.png\" alt=\"\" class=\"wp-image-754\" srcset=\"https:\/\/jmj2023-morbihan.fr\/wp-content\/uploads\/2023\/07\/bandeau-KTO-TV.png 1129w, https:\/\/jmj2023-morbihan.fr\/wp-content\/uploads\/2023\/07\/bandeau-KTO-TV-300x103.png 300w, https:\/\/jmj2023-morbihan.fr\/wp-content\/uploads\/2023\/07\/bandeau-KTO-TV-1024x351.png 1024w, https:\/\/jmj2023-morbihan.fr\/wp-content\/uploads\/2023\/07\/bandeau-KTO-TV-768x263.png 768w\" sizes=\"auto, (max-width: 1129px) 100vw, 1129px\" \/><\/a><\/figure>\n\n\n\n<h2 class=\"wp-block-heading\">Les grands directs des JMJ<\/h2>\n\n\n\n<h5 class=\"wp-block-heading has-ast-global-color-0-color has-text-color\"><strong>Mardi 1er ao\u00fbt :<\/strong><\/h5>\n\n\n\n<p>\uf0b7 Le temps des fran\u00e7ais, \u00e0 12h ;<br>\uf0b7 Messe d\u2019ouverture des JMJ, \u00e0 20h, pr\u00e9sid\u00e9e par le cardinal Manuel Clemente, patriarche de Lisbonne.<\/p>\n\n\n\n<h5 class=\"wp-block-heading has-ast-global-color-0-color has-text-color\"><strong>Jeudi 3 ao\u00fbt :<\/strong><\/h5>\n\n\n\n<p>\uf0b7 Rencontre avec des Jeunes Universitaires, \u00e0 10h, \u00e0 l&rsquo;Universit\u00e9 Catholique Portugaise ;<br>\uf0b7 Rencontre avec les Jeunes de Scholas Occurentes, \u00e0 11h40, au si\u00e8ge de Scholas Occurentes de Cascais ;<br>\uf0b7 C\u00e9r\u00e9monie d\u2019accueil du Pape, \u00e0 18h15, au Colina do Encontro (Parc Eduardo VII).<\/p>\n\n\n\n<h5 class=\"wp-block-heading has-ast-global-color-0-color has-text-color\"><strong>Vendredi 4 ao\u00fbt :<\/strong><\/h5>\n\n\n\n<p>\uf0b7 Chemin de Croix avec les jeunes, \u00e0 18h30, au Colina do Encontro (Parc Eduardo VII).<\/p>\n\n\n\n<h5 class=\"wp-block-heading has-ast-global-color-0-color has-text-color\"><strong>Samedi 5 ao\u00fbt :<\/strong><\/h5>\n\n\n\n<p>\uf0b7 Pri\u00e8re du chapelet avec les Jeunes malades, \u00e0 10h30, dans la Chapelle des apparitions du Sanctuaire de Notre-Dame de Fatima ;<br>\uf0b7 Veill\u00e9e avec les jeunes, \u00e0 21h30, au Campo da Gra\u00e7a (Parc Tejo).<\/p>\n\n\n\n<h5 class=\"wp-block-heading has-ast-global-color-0-color has-text-color\"><strong>Dimanche 6 ao\u00fbt :<\/strong><\/h5>\n\n\n\n<p>\uf0b7 Messe pour la Journ\u00e9e Mondiale de la Jeunesse, \u00e0 9h30, au Campo da Gra\u00e7a (Parc Tejo) ;<br>\uf0b7 Rencontre avec les volontaires des JMJ, \u00e0 17h30, sur la Promenade d&rsquo;Alg\u00e9s.<\/p>\n\n\n\n<p>Retrouvez \u00e9galement la cat\u00e9ch\u00e8se des JMJ, le mercredi 2 et le jeudi 3 \u00e0 22h05 et le vendredi 4 ao\u00fbt \u00e0 20h35.<\/p>\n\n\n\n<h2 class=\"wp-block-heading\">Des \u00e9missions et une s\u00e9rie de reportages initi\u00e9es pour cet \u00e9v\u00e9nement<\/h2>\n\n\n\n<h5 class=\"wp-block-heading has-ast-global-color-0-color has-text-color\">Des reportages<\/h5>\n\n\n\n<p>\u00c0 partir du lundi 24 et jusqu\u2019au dimanche 30 juillet inclus, Destination Lisbonne, une carte postale de 2min30 sera diffus\u00e9e 2 fois par jour (\u00e0 15h25 et 20h30), pour vivre au rythme des p\u00e8lerins.<\/p>\n\n\n\n<h5 class=\"wp-block-heading has-ast-global-color-0-color has-text-color\">Le journal des JMJ<\/h5>\n\n\n\n<p>La r\u00e9daction de KTO propose chaque jour \u00e0 21h35, du lundi 31 juillet au dimanche 6 ao\u00fbt le Journal des JMJ, pr\u00e9sent\u00e9 depuis Lisbonne par Honorine Grasset. Au sommaire : les images fortes du jour, l\u2019exp\u00e9rience des p\u00e8lerins venus des quatre coins du monde et le sens de ce rassemblement avec un t\u00e9moin pr\u00e9sent sur le plateau de KTO \u00e0 l\u2019\u00e9glise Dos Santos.<\/p>\n\n\n\n<h5 class=\"wp-block-heading has-ast-global-color-0-color has-text-color\">G\u00e9n\u00e9ration 2023<br>\u00c9mission sp\u00e9ciale JMJ, vendredi 4 ao\u00fbt \u00e0 22h05<\/h5>\n\n\n\n<p>Depuis Lisbonne, rencontre avec des jeunes p\u00e8lerins venus du monde entier sur le plateau de KTO. Pour eux, suivre le Christ signifie dans bien des pays de faire des choix de vie \u00e0 contre-courant de la culture dominante, que ce soit dans les pays marqu\u00e9s par la post-modernit\u00e9 ou par d\u2019autres majorit\u00e9s religieuses. Quels sont les d\u00e9fis pour les jeunes catholiques aujourd\u2019hui ? Comment t\u00e9moignent-ils de leur foi au quotidien ? Que viennent-ils chercher aux JMJ ? Pourquoi ces temps forts sont-ils essentiels ? Anim\u00e9e par Etienne Loraill\u00e8re<\/p>\n\n\n\n<h2 class=\"wp-block-heading\">Une programmation sp\u00e9ciale<\/h2>\n\n\n\n<p><strong>En amont et durant les JMJ, KTO propose \u00e9galement plusieurs films documentaires pour d\u00e9couvrir cette jeunesse engag\u00e9e ou en qu\u00eate de sens.<\/strong><\/p>\n\n\n\n<figure class=\"wp-block-image alignright size-full is-resized\"><img loading=\"lazy\" decoding=\"async\" src=\"https:\/\/jmj2023-morbihan.fr\/wp-content\/uploads\/2023\/07\/JMJ-KTO-1.png\" alt=\"\" class=\"wp-image-746\" width=\"422\" height=\"230\" srcset=\"https:\/\/jmj2023-morbihan.fr\/wp-content\/uploads\/2023\/07\/JMJ-KTO-1.png 554w, https:\/\/jmj2023-morbihan.fr\/wp-content\/uploads\/2023\/07\/JMJ-KTO-1-300x164.png 300w\" sizes=\"auto, (max-width: 422px) 100vw, 422px\" \/><\/figure>\n\n\n\n<p><strong>News gospel family, l\u2019\u00e9veil du choeur<\/strong><br>Documentaire de 26 min., mardi 25 juillet 2023, \u00e0 21h40<br>Gospel signifie \u00e9vangile ! New Gospel Family est un groupe de choristes, recrut\u00e9s chaque ann\u00e9e et form\u00e9s au cours d&rsquo;une quinzaine de r\u00e9p\u00e9titions.<br>Nous suivons la formation des futurs choristes, des jeunes chr\u00e9tiens venus d&rsquo;horizons vari\u00e9s mais qu&rsquo;une m\u00eame foi au Christ unit. C&rsquo;est bien cette d\u00e9marche d&rsquo;engagement spirituel qui distingue New Gospel Family des autres groupes musicaux. Si le Gospel est un des plus beaux moyens d&rsquo;annoncer l&rsquo;Evangile, pour bien le chanter, il faut que cette Parole soit vivante, int\u00e9rioris\u00e9e. Pour certains choristes, cette exp\u00e9rience les a gu\u00e9ris ou au moins a transform\u00e9 leur vie.<br>Une production CFRT 2018 &#8211; R\u00e9alis\u00e9e par Fran\u00e7ois Yang<\/p>\n\n\n\n<p>______________________<\/p>\n\n\n\n<p><strong>Cardinal Manuel Clemente, patriarche de Lisbonne<\/strong><br>Entretien exceptionnel, de 26 min., r\u00e9alis\u00e9 par Etienne Loraill\u00e8re, vendredi 28 juillet \u00e0 19h35<\/p>\n\n\n\n<figure class=\"wp-block-image alignright size-thumbnail\"><img loading=\"lazy\" decoding=\"async\" width=\"150\" height=\"150\" src=\"https:\/\/jmj2023-morbihan.fr\/wp-content\/uploads\/2023\/07\/JMJ-KTO-Lima-150x150.png\" alt=\"\" class=\"wp-image-745\"\/><\/figure>\n\n\n\n<p>______________________<\/p>\n\n\n\n<p><strong>En route vers les JMJ<\/strong><br>Documentaire de 52 min., vendredi 28 juillet 2023, \u00e0 20h35<br>\u00c0 l&#8217;embouchure du fleuve \u00ab\u00a0Lima\u00a0\u00bb, aux portes de l&rsquo;oc\u00e9an, la ville de p\u00eacheurs de Viana do Castello appartient \u00e0 la r\u00e9gion \u00ab\u00a0nord\u00a0\u00bb. C&rsquo;est dans cette jolie ville portuaire, \u00e0 75 Km de Porto, de Viana de Castello, que nous allons d\u00e9couvrir la pastorale des jeunes pr\u00e9parant activement les JMJ 2023.<br>Une coproduction KTO\/LA HUIT PRODUCTION 2022 &#8211; R\u00e9alis\u00e9e par Lizette Lemoine et Aubin Hellot<\/p>\n\n\n\n<p>______________________<\/p>\n\n\n\n<figure class=\"wp-block-image alignleft size-thumbnail\"><img loading=\"lazy\" decoding=\"async\" width=\"150\" height=\"150\" src=\"https:\/\/jmj2023-morbihan.fr\/wp-content\/uploads\/2023\/07\/JMJ-KTO-Scouts-dEurope-150x150.png\" alt=\"\" class=\"wp-image-749\"\/><\/figure>\n\n\n\n<p><strong>Une autre jeunesse<\/strong><br>Documentaire de 52 min., dimanche 30 juillet 2023, \u00e0 22h20<br>Six jeunes de 17 \u00e0 23 ans quittent Nantes pour participer \u00e0 leur premier p\u00e8lerinage \u00e0 V\u00e9zelay. Ils ne sont pas diff\u00e9rents de leurs camarades de lyc\u00e9e, de la fac ou d&rsquo;apprentissage. Et pourtant\u2026 Confront\u00e9s aux m\u00eames sollicitations du monde, aux m\u00eames difficult\u00e9s d&rsquo;une jeunesse en mal d&rsquo;avenir, ils ont choisi de se fixer une r\u00e8gle de vie, de rejoindre une communaut\u00e9 d&rsquo;hommes : la route scoute d&rsquo;Europe.<br>Une coproduction LANDRY PRODUCTION\/KTO 2022 &#8211; R\u00e9alis\u00e9e par Tanguy Louvel<\/p>\n\n\n\n<p>______________________<\/p>\n\n\n\n<figure class=\"wp-block-image alignright size-thumbnail\"><img loading=\"lazy\" decoding=\"async\" width=\"150\" height=\"150\" src=\"https:\/\/jmj2023-morbihan.fr\/wp-content\/uploads\/2023\/07\/JMJ-KTO-docu-un-temps-pour-changer-150x150.png\" alt=\"\" class=\"wp-image-748\" srcset=\"https:\/\/jmj2023-morbihan.fr\/wp-content\/uploads\/2023\/07\/JMJ-KTO-docu-un-temps-pour-changer-150x150.png 150w, https:\/\/jmj2023-morbihan.fr\/wp-content\/uploads\/2023\/07\/JMJ-KTO-docu-un-temps-pour-changer-300x300.png 300w, https:\/\/jmj2023-morbihan.fr\/wp-content\/uploads\/2023\/07\/JMJ-KTO-docu-un-temps-pour-changer.png 374w\" sizes=\"auto, (max-width: 150px) 100vw, 150px\" \/><\/figure>\n\n\n\n<p><strong>Un temps pour changer<\/strong><br>Documentaire de 31 min., mardi 1er ao\u00fbt 2023, \u00e0 22h55<br>Les temps de crise bouleversent nos vies et interrogent nos choix et nos engagements. \u00ab C&rsquo;est un moment pour r\u00eaver en grand, pour repenser nos priorit\u00e9s (\u2026) et s&rsquo;engager \u00e0 agir dans notre vie quotidienne sur ce dont nous avons r\u00eav\u00e9 \u00bb \u00e9crit le Pape Fran\u00e7ois dans le livre Un temps pour changer. Ce livre a inspir\u00e9 la p\u00e9dagogie du Festival Changeakers, qui a rassembl\u00e9 \u00e0 Budapest en 2021 une centaine de jeunes d\u00e9sireux d&rsquo;\u00eatre acteurs du changement au nom de leur foi. Le Festival a \u00e9t\u00e9 pr\u00e9par\u00e9 par une rencontre \u00e0 Rome entre le Pape et plusieurs jeunes de la Fraternit\u00e9 Politique du Chemin Neuf. Avec eux, nous nous mettons \u00e0 l&rsquo;\u00e9coute de l&rsquo;Esprit-Saint pour comprendre comment l&rsquo;\u00c9vangile travaille le monde et nous appelle \u00e0 nous y engager.<br>Une production NET FOR GOD 2021 &#8211; R\u00e9alis\u00e9e par Allegria Nduwimana, Gabriel Roussineau<\/p>\n\n\n\n<p>______________________<\/p>\n\n\n\n<figure class=\"wp-block-image alignleft size-medium\"><img loading=\"lazy\" decoding=\"async\" width=\"300\" height=\"189\" src=\"https:\/\/jmj2023-morbihan.fr\/wp-content\/uploads\/2023\/07\/JMJ-KTO-docu-jeunesse-missionnaire-300x189.png\" alt=\"\" class=\"wp-image-747\" srcset=\"https:\/\/jmj2023-morbihan.fr\/wp-content\/uploads\/2023\/07\/JMJ-KTO-docu-jeunesse-missionnaire-300x189.png 300w, https:\/\/jmj2023-morbihan.fr\/wp-content\/uploads\/2023\/07\/JMJ-KTO-docu-jeunesse-missionnaire.png 480w\" sizes=\"auto, (max-width: 300px) 100vw, 300px\" \/><\/figure>\n\n\n\n<p><strong>Jeunesse missionnaire<\/strong><br>Documentaire de 52 min., mercredi 2 ao\u00fbt 2023, \u00e0 20h35<br>\u00ab Vous \u00eates des r\u00e9volutionnaires ? \u00bb, voil\u00e0 ce que le pape Fran\u00e7ois a dit en rencontrant des jeunes d&rsquo;Anuncio \u00e0 Rome. Des r\u00e9volutionnaires de l&rsquo;Amour de Dieu, oui ! Dans ce documentaire, nous irons \u00e0 la rencontre de ces jeunes qui ont d\u00e9cid\u00e9 de mettre leur voix, leur \u00e9nergie, leur don, au service de Dieu, recueillir leur t\u00e9moignage et comprendre ce que \u00ab \u00e9vang\u00e9liser \u00bb signifie pour eux, et pour les autres. Portrait de cette jeunesse missionnaire\u2026<br>Une production GRAND ANGLE 2021 &#8211; R\u00e9alis\u00e9e par V\u00e9ronique Br\u00e9chot<\/p>\n\n\n\n<h2 class=\"wp-block-heading\">Les \u00e9tapes du voyage papal<\/h2>\n\n\n\n<p>Suivez sur KTO l&rsquo;int\u00e9gralit\u00e9 des \u00e9tapes du voyage papal \u00e0 Lisbonne :<\/p>\n\n\n\n<div class=\"wp-block-buttons is-layout-flex wp-block-buttons-is-layout-flex\">\n<div class=\"wp-block-button\"><a class=\"wp-block-button__link wp-element-button\" href=\"https:\/\/jmj2023-morbihan.fr\/index.php\/2023\/06\/08\/le-programme-du-saint-pere-a-lisbonne-est-publie\/\" target=\"_blank\" rel=\"noreferrer noopener\">Programme du pape \u00e0 Lisbonne<\/a><\/div>\n<\/div>\n","protected":false},"excerpt":{"rendered":"<p>KTO, partenaire officiel des 37\u00e8me Journ\u00e9es Mondiales de la Jeunesse, permettra de vivre en direct les grandes c\u00e9l\u00e9brations et les directs du Pape, et propose des rendez-vous quotidiens du 31 juillet au 6 ao\u00fbt. Pour ce faire, une quinzaine de journalistes et techniciens de l\u2019audiovisuel sont d\u00e9p\u00each\u00e9s sur place afin de proposer des \u00e9missions d\u00e9di\u00e9es, &hellip;<\/p>\n<p class=\"read-more\"> <a class=\"\" href=\"https:\/\/jmj2023-morbihan.fr\/index.php\/2023\/07\/24\/retransmission-des-moments-forts-sur-kto\/\"> <span class=\"screen-reader-text\">Retransmission des moments forts sur KTO<\/span> Lire la suite\u00a0\u00bb<\/a><\/p>\n","protected":false},"author":2,"featured_media":743,"comment_status":"closed","ping_status":"closed","sticky":false,"template":"","format":"standard","meta":{"site-sidebar-layout":"default","site-content-layout":"default","ast-global-header-display":"","ast-main-header-display":"","ast-hfb-above-header-display":"","ast-hfb-below-header-display":"","ast-hfb-mobile-header-display":"","site-post-title":"","ast-breadcrumbs-content":"","ast-featured-img":"","footer-sml-layout":"","theme-transparent-header-meta":"","adv-header-id-meta":"","stick-header-meta":"","header-above-stick-meta":"","header-main-stick-meta":"","header-below-stick-meta":"","footnotes":""},"categories":[5],"tags":[],"class_list":["post-742","post","type-post","status-publish","format-standard","has-post-thumbnail","hentry","category-news"],"yoast_head":"<!-- This site is optimized with the Yoast SEO plugin v20.3 - https:\/\/yoast.com\/wordpress\/plugins\/seo\/ -->\n<title>Retransmission des moments forts sur KTO - JMJ 2023 LISBONNE : PARS AVEC LE MORBIHAN<\/title>\n<meta name=\"robots\" content=\"index, follow, max-snippet:-1, max-image-preview:large, max-video-preview:-1\" \/>\n<link rel=\"canonical\" href=\"https:\/\/jmj2023-morbihan.fr\/index.php\/2023\/07\/24\/retransmission-des-moments-forts-sur-kto\/\" \/>\n<meta property=\"og:locale\" content=\"fr_FR\" \/>\n<meta property=\"og:type\" content=\"article\" \/>\n<meta property=\"og:title\" content=\"Retransmission des moments forts sur KTO - JMJ 2023 LISBONNE : PARS AVEC LE MORBIHAN\" \/>\n<meta property=\"og:description\" content=\"KTO, partenaire officiel des 37\u00e8me Journ\u00e9es Mondiales de la Jeunesse, permettra de vivre en direct les grandes c\u00e9l\u00e9brations et les directs du Pape, et propose des rendez-vous quotidiens du 31 juillet au 6 ao\u00fbt. Pour ce faire, une quinzaine de journalistes et techniciens de l\u2019audiovisuel sont d\u00e9p\u00each\u00e9s sur place afin de proposer des \u00e9missions d\u00e9di\u00e9es, &hellip; Retransmission des moments forts sur KTO Lire la suite\u00a0\u00bb\" \/>\n<meta property=\"og:url\" content=\"https:\/\/jmj2023-morbihan.fr\/index.php\/2023\/07\/24\/retransmission-des-moments-forts-sur-kto\/\" \/>\n<meta property=\"og:site_name\" content=\"JMJ 2023 LISBONNE : PARS AVEC LE MORBIHAN\" \/>\n<meta property=\"article:publisher\" content=\"https:\/\/www.facebook.com\/jmj2023morbihan\" \/>\n<meta property=\"article:published_time\" content=\"2023-07-24T10:33:18+00:00\" \/>\n<meta property=\"article:modified_time\" content=\"2023-07-24T12:02:14+00:00\" \/>\n<meta property=\"og:image\" content=\"https:\/\/jmj2023-morbihan.fr\/wp-content\/uploads\/2023\/07\/Affiche-JMJ-KTO-A3-2023-07-18-scaled.jpg\" \/>\n\t<meta property=\"og:image:width\" content=\"1828\" \/>\n\t<meta property=\"og:image:height\" content=\"2560\" \/>\n\t<meta property=\"og:image:type\" content=\"image\/jpeg\" \/>\n<meta name=\"author\" content=\"\u00c9quipe com&#039; JMJ Morbihan\" \/>\n<meta name=\"twitter:card\" content=\"summary_large_image\" \/>\n<meta name=\"twitter:label1\" content=\"\u00c9crit par\" \/>\n\t<meta name=\"twitter:data1\" content=\"\u00c9quipe com' JMJ Morbihan\" \/>\n\t<meta name=\"twitter:label2\" content=\"Dur\u00e9e de lecture estim\u00e9e\" \/>\n\t<meta name=\"twitter:data2\" content=\"7 minutes\" \/>\n<script type=\"application\/ld+json\" class=\"yoast-schema-graph\">{\"@context\":\"https:\/\/schema.org\",\"@graph\":[{\"@type\":\"Article\",\"@id\":\"https:\/\/jmj2023-morbihan.fr\/index.php\/2023\/07\/24\/retransmission-des-moments-forts-sur-kto\/#article\",\"isPartOf\":{\"@id\":\"https:\/\/jmj2023-morbihan.fr\/index.php\/2023\/07\/24\/retransmission-des-moments-forts-sur-kto\/\"},\"author\":{\"name\":\"\u00c9quipe com' JMJ Morbihan\",\"@id\":\"https:\/\/jmj2023-morbihan.fr\/#\/schema\/person\/e3c4aa08f56cac91a126a58b8bc667d1\"},\"headline\":\"Retransmission des moments forts sur KTO\",\"datePublished\":\"2023-07-24T10:33:18+00:00\",\"dateModified\":\"2023-07-24T12:02:14+00:00\",\"mainEntityOfPage\":{\"@id\":\"https:\/\/jmj2023-morbihan.fr\/index.php\/2023\/07\/24\/retransmission-des-moments-forts-sur-kto\/\"},\"wordCount\":1171,\"publisher\":{\"@id\":\"https:\/\/jmj2023-morbihan.fr\/#organization\"},\"articleSection\":[\"NEWS\"],\"inLanguage\":\"fr-FR\"},{\"@type\":\"WebPage\",\"@id\":\"https:\/\/jmj2023-morbihan.fr\/index.php\/2023\/07\/24\/retransmission-des-moments-forts-sur-kto\/\",\"url\":\"https:\/\/jmj2023-morbihan.fr\/index.php\/2023\/07\/24\/retransmission-des-moments-forts-sur-kto\/\",\"name\":\"Retransmission des moments forts sur KTO - JMJ 2023 LISBONNE : PARS AVEC LE MORBIHAN\",\"isPartOf\":{\"@id\":\"https:\/\/jmj2023-morbihan.fr\/#website\"},\"datePublished\":\"2023-07-24T10:33:18+00:00\",\"dateModified\":\"2023-07-24T12:02:14+00:00\",\"breadcrumb\":{\"@id\":\"https:\/\/jmj2023-morbihan.fr\/index.php\/2023\/07\/24\/retransmission-des-moments-forts-sur-kto\/#breadcrumb\"},\"inLanguage\":\"fr-FR\",\"potentialAction\":[{\"@type\":\"ReadAction\",\"target\":[\"https:\/\/jmj2023-morbihan.fr\/index.php\/2023\/07\/24\/retransmission-des-moments-forts-sur-kto\/\"]}]},{\"@type\":\"BreadcrumbList\",\"@id\":\"https:\/\/jmj2023-morbihan.fr\/index.php\/2023\/07\/24\/retransmission-des-moments-forts-sur-kto\/#breadcrumb\",\"itemListElement\":[{\"@type\":\"ListItem\",\"position\":1,\"name\":\"Accueil\",\"item\":\"https:\/\/jmj2023-morbihan.fr\/\"},{\"@type\":\"ListItem\",\"position\":2,\"name\":\"Retransmission des moments forts sur KTO\"}]},{\"@type\":\"WebSite\",\"@id\":\"https:\/\/jmj2023-morbihan.fr\/#website\",\"url\":\"https:\/\/jmj2023-morbihan.fr\/\",\"name\":\"JMJ 2023 LISBONNE : PARS AVEC LE MORBIHAN\",\"description\":\"Le site des Journ\u00e9es Mondiales de la Jeunesse 2023 pour le dioc\u00e8se de Vannes (Morbihan)\",\"publisher\":{\"@id\":\"https:\/\/jmj2023-morbihan.fr\/#organization\"},\"potentialAction\":[{\"@type\":\"SearchAction\",\"target\":{\"@type\":\"EntryPoint\",\"urlTemplate\":\"https:\/\/jmj2023-morbihan.fr\/?s={search_term_string}\"},\"query-input\":\"required name=search_term_string\"}],\"inLanguage\":\"fr-FR\"},{\"@type\":\"Organization\",\"@id\":\"https:\/\/jmj2023-morbihan.fr\/#organization\",\"name\":\"JMJ 2023 LISBONNE : PARS AVEC LE MORBIHAN\",\"url\":\"https:\/\/jmj2023-morbihan.fr\/\",\"logo\":{\"@type\":\"ImageObject\",\"inLanguage\":\"fr-FR\",\"@id\":\"https:\/\/jmj2023-morbihan.fr\/#\/schema\/logo\/image\/\",\"url\":\"https:\/\/jmj2023-morbihan.fr\/wp-content\/uploads\/2022\/11\/jmj2023-morbihan-lisbonne-logo-rond.png\",\"contentUrl\":\"https:\/\/jmj2023-morbihan.fr\/wp-content\/uploads\/2022\/11\/jmj2023-morbihan-lisbonne-logo-rond.png\",\"width\":200,\"height\":200,\"caption\":\"JMJ 2023 LISBONNE : PARS AVEC LE MORBIHAN\"},\"image\":{\"@id\":\"https:\/\/jmj2023-morbihan.fr\/#\/schema\/logo\/image\/\"},\"sameAs\":[\"https:\/\/www.facebook.com\/jmj2023morbihan\",\"https:\/\/www.instagram.com\/jmj2023morbihan\/\"]},{\"@type\":\"Person\",\"@id\":\"https:\/\/jmj2023-morbihan.fr\/#\/schema\/person\/e3c4aa08f56cac91a126a58b8bc667d1\",\"name\":\"\u00c9quipe com' JMJ Morbihan\",\"image\":{\"@type\":\"ImageObject\",\"inLanguage\":\"fr-FR\",\"@id\":\"https:\/\/jmj2023-morbihan.fr\/#\/schema\/person\/image\/\",\"url\":\"https:\/\/secure.gravatar.com\/avatar\/472dd6a0422fc63441e9279b77ab228870d99ced6aa41d85ac33e9475a065826?s=96&d=mm&r=g\",\"contentUrl\":\"https:\/\/secure.gravatar.com\/avatar\/472dd6a0422fc63441e9279b77ab228870d99ced6aa41d85ac33e9475a065826?s=96&d=mm&r=g\",\"caption\":\"\u00c9quipe com' JMJ Morbihan\"},\"url\":\"https:\/\/jmj2023-morbihan.fr\/index.php\/author\/isabelle-claquin\/\"}]}<\/script>\n<!-- \/ Yoast SEO plugin. -->","yoast_head_json":{"title":"Retransmission des moments forts sur KTO - JMJ 2023 LISBONNE : PARS AVEC LE MORBIHAN","robots":{"index":"index","follow":"follow","max-snippet":"max-snippet:-1","max-image-preview":"max-image-preview:large","max-video-preview":"max-video-preview:-1"},"canonical":"https:\/\/jmj2023-morbihan.fr\/index.php\/2023\/07\/24\/retransmission-des-moments-forts-sur-kto\/","og_locale":"fr_FR","og_type":"article","og_title":"Retransmission des moments forts sur KTO - JMJ 2023 LISBONNE : PARS AVEC LE MORBIHAN","og_description":"KTO, partenaire officiel des 37\u00e8me Journ\u00e9es Mondiales de la Jeunesse, permettra de vivre en direct les grandes c\u00e9l\u00e9brations et les directs du Pape, et propose des rendez-vous quotidiens du 31 juillet au 6 ao\u00fbt. Pour ce faire, une quinzaine de journalistes et techniciens de l\u2019audiovisuel sont d\u00e9p\u00each\u00e9s sur place afin de proposer des \u00e9missions d\u00e9di\u00e9es, &hellip; Retransmission des moments forts sur KTO Lire la suite\u00a0\u00bb","og_url":"https:\/\/jmj2023-morbihan.fr\/index.php\/2023\/07\/24\/retransmission-des-moments-forts-sur-kto\/","og_site_name":"JMJ 2023 LISBONNE : PARS AVEC LE MORBIHAN","article_publisher":"https:\/\/www.facebook.com\/jmj2023morbihan","article_published_time":"2023-07-24T10:33:18+00:00","article_modified_time":"2023-07-24T12:02:14+00:00","og_image":[{"width":1828,"height":2560,"url":"https:\/\/jmj2023-morbihan.fr\/wp-content\/uploads\/2023\/07\/Affiche-JMJ-KTO-A3-2023-07-18-scaled.jpg","type":"image\/jpeg"}],"author":"\u00c9quipe com' JMJ Morbihan","twitter_card":"summary_large_image","twitter_misc":{"\u00c9crit par":"\u00c9quipe com' JMJ Morbihan","Dur\u00e9e de lecture estim\u00e9e":"7 minutes"},"schema":{"@context":"https:\/\/schema.org","@graph":[{"@type":"Article","@id":"https:\/\/jmj2023-morbihan.fr\/index.php\/2023\/07\/24\/retransmission-des-moments-forts-sur-kto\/#article","isPartOf":{"@id":"https:\/\/jmj2023-morbihan.fr\/index.php\/2023\/07\/24\/retransmission-des-moments-forts-sur-kto\/"},"author":{"name":"\u00c9quipe com' JMJ Morbihan","@id":"https:\/\/jmj2023-morbihan.fr\/#\/schema\/person\/e3c4aa08f56cac91a126a58b8bc667d1"},"headline":"Retransmission des moments forts sur KTO","datePublished":"2023-07-24T10:33:18+00:00","dateModified":"2023-07-24T12:02:14+00:00","mainEntityOfPage":{"@id":"https:\/\/jmj2023-morbihan.fr\/index.php\/2023\/07\/24\/retransmission-des-moments-forts-sur-kto\/"},"wordCount":1171,"publisher":{"@id":"https:\/\/jmj2023-morbihan.fr\/#organization"},"articleSection":["NEWS"],"inLanguage":"fr-FR"},{"@type":"WebPage","@id":"https:\/\/jmj2023-morbihan.fr\/index.php\/2023\/07\/24\/retransmission-des-moments-forts-sur-kto\/","url":"https:\/\/jmj2023-morbihan.fr\/index.php\/2023\/07\/24\/retransmission-des-moments-forts-sur-kto\/","name":"Retransmission des moments forts sur KTO - JMJ 2023 LISBONNE : PARS AVEC LE MORBIHAN","isPartOf":{"@id":"https:\/\/jmj2023-morbihan.fr\/#website"},"datePublished":"2023-07-24T10:33:18+00:00","dateModified":"2023-07-24T12:02:14+00:00","breadcrumb":{"@id":"https:\/\/jmj2023-morbihan.fr\/index.php\/2023\/07\/24\/retransmission-des-moments-forts-sur-kto\/#breadcrumb"},"inLanguage":"fr-FR","potentialAction":[{"@type":"ReadAction","target":["https:\/\/jmj2023-morbihan.fr\/index.php\/2023\/07\/24\/retransmission-des-moments-forts-sur-kto\/"]}]},{"@type":"BreadcrumbList","@id":"https:\/\/jmj2023-morbihan.fr\/index.php\/2023\/07\/24\/retransmission-des-moments-forts-sur-kto\/#breadcrumb","itemListElement":[{"@type":"ListItem","position":1,"name":"Accueil","item":"https:\/\/jmj2023-morbihan.fr\/"},{"@type":"ListItem","position":2,"name":"Retransmission des moments forts sur KTO"}]},{"@type":"WebSite","@id":"https:\/\/jmj2023-morbihan.fr\/#website","url":"https:\/\/jmj2023-morbihan.fr\/","name":"JMJ 2023 LISBONNE : PARS AVEC LE MORBIHAN","description":"Le site des Journ\u00e9es Mondiales de la Jeunesse 2023 pour le dioc\u00e8se de Vannes (Morbihan)","publisher":{"@id":"https:\/\/jmj2023-morbihan.fr\/#organization"},"potentialAction":[{"@type":"SearchAction","target":{"@type":"EntryPoint","urlTemplate":"https:\/\/jmj2023-morbihan.fr\/?s={search_term_string}"},"query-input":"required name=search_term_string"}],"inLanguage":"fr-FR"},{"@type":"Organization","@id":"https:\/\/jmj2023-morbihan.fr\/#organization","name":"JMJ 2023 LISBONNE : PARS AVEC LE MORBIHAN","url":"https:\/\/jmj2023-morbihan.fr\/","logo":{"@type":"ImageObject","inLanguage":"fr-FR","@id":"https:\/\/jmj2023-morbihan.fr\/#\/schema\/logo\/image\/","url":"https:\/\/jmj2023-morbihan.fr\/wp-content\/uploads\/2022\/11\/jmj2023-morbihan-lisbonne-logo-rond.png","contentUrl":"https:\/\/jmj2023-morbihan.fr\/wp-content\/uploads\/2022\/11\/jmj2023-morbihan-lisbonne-logo-rond.png","width":200,"height":200,"caption":"JMJ 2023 LISBONNE : PARS AVEC LE MORBIHAN"},"image":{"@id":"https:\/\/jmj2023-morbihan.fr\/#\/schema\/logo\/image\/"},"sameAs":["https:\/\/www.facebook.com\/jmj2023morbihan","https:\/\/www.instagram.com\/jmj2023morbihan\/"]},{"@type":"Person","@id":"https:\/\/jmj2023-morbihan.fr\/#\/schema\/person\/e3c4aa08f56cac91a126a58b8bc667d1","name":"\u00c9quipe com' JMJ Morbihan","image":{"@type":"ImageObject","inLanguage":"fr-FR","@id":"https:\/\/jmj2023-morbihan.fr\/#\/schema\/person\/image\/","url":"https:\/\/secure.gravatar.com\/avatar\/472dd6a0422fc63441e9279b77ab228870d99ced6aa41d85ac33e9475a065826?s=96&d=mm&r=g","contentUrl":"https:\/\/secure.gravatar.com\/avatar\/472dd6a0422fc63441e9279b77ab228870d99ced6aa41d85ac33e9475a065826?s=96&d=mm&r=g","caption":"\u00c9quipe com' JMJ Morbihan"},"url":"https:\/\/jmj2023-morbihan.fr\/index.php\/author\/isabelle-claquin\/"}]}},"jetpack_featured_media_url":"https:\/\/jmj2023-morbihan.fr\/wp-content\/uploads\/2023\/07\/Affiche-JMJ-KTO-A3-2023-07-18-scaled.jpg","_links":{"self":[{"href":"https:\/\/jmj2023-morbihan.fr\/index.php\/wp-json\/wp\/v2\/posts\/742","targetHints":{"allow":["GET"]}}],"collection":[{"href":"https:\/\/jmj2023-morbihan.fr\/index.php\/wp-json\/wp\/v2\/posts"}],"about":[{"href":"https:\/\/jmj2023-morbihan.fr\/index.php\/wp-json\/wp\/v2\/types\/post"}],"author":[{"embeddable":true,"href":"https:\/\/jmj2023-morbihan.fr\/index.php\/wp-json\/wp\/v2\/users\/2"}],"replies":[{"embeddable":true,"href":"https:\/\/jmj2023-morbihan.fr\/index.php\/wp-json\/wp\/v2\/comments?post=742"}],"version-history":[{"count":7,"href":"https:\/\/jmj2023-morbihan.fr\/index.php\/wp-json\/wp\/v2\/posts\/742\/revisions"}],"predecessor-version":[{"id":760,"href":"https:\/\/jmj2023-morbihan.fr\/index.php\/wp-json\/wp\/v2\/posts\/742\/revisions\/760"}],"wp:featuredmedia":[{"embeddable":true,"href":"https:\/\/jmj2023-morbihan.fr\/index.php\/wp-json\/wp\/v2\/media\/743"}],"wp:attachment":[{"href":"https:\/\/jmj2023-morbihan.fr\/index.php\/wp-json\/wp\/v2\/media?parent=742"}],"wp:term":[{"taxonomy":"category","embeddable":true,"href":"https:\/\/jmj2023-morbihan.fr\/index.php\/wp-json\/wp\/v2\/categories?post=742"},{"taxonomy":"post_tag","embeddable":true,"href":"https:\/\/jmj2023-morbihan.fr\/index.php\/wp-json\/wp\/v2\/tags?post=742"}],"curies":[{"name":"wp","href":"https:\/\/api.w.org\/{rel}","templated":true}]}}