{"id":761,"date":"2023-07-24T14:46:37","date_gmt":"2023-07-24T12:46:37","guid":{"rendered":"https:\/\/jmj2023-morbihan.fr\/?p=761"},"modified":"2023-07-27T22:48:02","modified_gmt":"2023-07-27T20:48:02","slug":"voile-le-depart-aux-jmj","status":"publish","type":"post","link":"https:\/\/jmj2023-morbihan.fr\/index.php\/2023\/07\/24\/voile-le-depart-aux-jmj\/","title":{"rendered":"Voile : cap sur le Portugal !"},"content":{"rendered":"\n<div class=\"wp-block-columns is-layout-flex wp-container-core-columns-is-layout-28f84493 wp-block-columns-is-layout-flex\">\n<div class=\"wp-block-column is-layout-flow wp-block-column-is-layout-flow\">\n<div class=\"wp-block-columns is-layout-flex wp-container-core-columns-is-layout-28f84493 wp-block-columns-is-layout-flex\">\n<div class=\"wp-block-column is-layout-flow wp-block-column-is-layout-flow\">\n<figure class=\"wp-block-video\"><video height=\"1280\" style=\"aspect-ratio: 720 \/ 1280;\" width=\"720\" controls src=\"http:\/\/jmj2023-morbihan.fr\/wp-content\/uploads\/2023\/07\/10000000_992189878644338_6765683471487979264_n.mp4\"><\/video><\/figure>\n<\/div>\n\n\n\n<div class=\"wp-block-column is-layout-flow wp-block-column-is-layout-flow\"><\/div>\n<\/div>\n<\/div>\n\n\n\n<div class=\"wp-block-column is-layout-flow wp-block-column-is-layout-flow\"><\/div>\n<\/div>\n\n\n\n<p><strong>Plusieurs \u00e9quipages sont partis samedi 22 juillet de Lorient,<a href=\"https:\/\/jmj2023-morbihan.fr\/index.php\/2023\/07\/18\/jmj-a-la-voile-plusieurs-departs-du-morbihan\/\" target=\"_blank\" rel=\"noreferrer noopener\"> comme nous l&rsquo;annoncions dans notre article<\/a>, pour 10 \u00e0 12 jours de navigation \u00e0 destination de Lisbonne. Une messe \u00e9tait c\u00e9l\u00e9br\u00e9e \u00e0 Larmor-Plage pour lancer le p\u00e8lerinage, avec les fr\u00e8res de Saint-Jean de l&rsquo;association <a href=\"https:\/\/pelerinsdelamer.org\/?s=jmj\" target=\"_blank\" rel=\"noreferrer noopener\">\u00ab\u00a0P\u00e8lerins de la mer\u00a0\u00bb<\/a>. Un \u00e9quipage form\u00e9 de membres de <a href=\"https:\/\/soscalvaires.org\/\" target=\"_blank\" rel=\"noreferrer noopener\">SOS Calvaire<\/a>,  amis et b\u00e9n\u00e9voles, y participaient . <\/strong><\/p>\n\n\n\n<p>Ils nous ont envoy\u00e9 quelques photos de leur d\u00e9part en mer, sous un beau soleil et une m\u00e9t\u00e9o plut\u00f4t favorable ! Nous leur souhaitons de vivre une aventure humaine et spirituelle extraordinaire \ud83d\ude0d et prions pour eux !!!!\ud83d\ude4f<\/p>\n\n\n\n<div class=\"wp-block-buttons is-layout-flex wp-block-buttons-is-layout-flex\">\n<div class=\"wp-block-button\"><a class=\"wp-block-button__link wp-element-button\">Lire l&rsquo;article sur le p\u00e9riple de l&rsquo;\u00e9quipage SOS CAlvaire<\/a><\/div>\n<\/div>\n\n\n\n<p><\/p>\n\n\n\n<p>D\u00e9part de Lorient pour les JMJ de Lisbonne &#8211; 22 juillet 2023 &#8211; Cr\u00e9dit photos &amp; vid\u00e9os \u00a9SOS Calvaire<\/p>\n\n\n\n<div class=\"wp-block-columns is-layout-flex wp-container-core-columns-is-layout-28f84493 wp-block-columns-is-layout-flex\">\n<div class=\"wp-block-column is-layout-flow wp-block-column-is-layout-flow\">\n<figure class=\"wp-block-image size-large\"><img loading=\"lazy\" decoding=\"async\" width=\"768\" height=\"1024\" src=\"https:\/\/jmj2023-morbihan.fr\/wp-content\/uploads\/2023\/07\/JMJ-Voile-depart-Lorient-2023-7-768x1024.jpg\" alt=\"\" class=\"wp-image-763\" srcset=\"https:\/\/jmj2023-morbihan.fr\/wp-content\/uploads\/2023\/07\/JMJ-Voile-depart-Lorient-2023-7-768x1024.jpg 768w, https:\/\/jmj2023-morbihan.fr\/wp-content\/uploads\/2023\/07\/JMJ-Voile-depart-Lorient-2023-7-225x300.jpg 225w, https:\/\/jmj2023-morbihan.fr\/wp-content\/uploads\/2023\/07\/JMJ-Voile-depart-Lorient-2023-7-1152x1536.jpg 1152w, https:\/\/jmj2023-morbihan.fr\/wp-content\/uploads\/2023\/07\/JMJ-Voile-depart-Lorient-2023-7.jpg 1536w\" sizes=\"auto, (max-width: 768px) 100vw, 768px\" \/><\/figure>\n\n\n\n<p>Croix p\u00e8lerine accompagnant les p\u00e8lerins \u00e0 bord<\/p>\n<\/div>\n\n\n\n<div class=\"wp-block-column is-layout-flow wp-block-column-is-layout-flow\">\n<figure class=\"wp-block-image size-large\"><img loading=\"lazy\" decoding=\"async\" width=\"768\" height=\"1024\" src=\"https:\/\/jmj2023-morbihan.fr\/wp-content\/uploads\/2023\/07\/JMJ-Voile-depart-Lorient-2023-4-768x1024.jpg\" alt=\"\" class=\"wp-image-764\" srcset=\"https:\/\/jmj2023-morbihan.fr\/wp-content\/uploads\/2023\/07\/JMJ-Voile-depart-Lorient-2023-4-768x1024.jpg 768w, https:\/\/jmj2023-morbihan.fr\/wp-content\/uploads\/2023\/07\/JMJ-Voile-depart-Lorient-2023-4-225x300.jpg 225w, https:\/\/jmj2023-morbihan.fr\/wp-content\/uploads\/2023\/07\/JMJ-Voile-depart-Lorient-2023-4-1152x1536.jpg 1152w, https:\/\/jmj2023-morbihan.fr\/wp-content\/uploads\/2023\/07\/JMJ-Voile-depart-Lorient-2023-4.jpg 1536w\" sizes=\"auto, (max-width: 768px) 100vw, 768px\" \/><\/figure>\n<\/div>\n\n\n\n<div class=\"wp-block-column is-layout-flow wp-block-column-is-layout-flow\">\n<figure class=\"wp-block-image size-large\"><img loading=\"lazy\" decoding=\"async\" width=\"768\" height=\"1024\" src=\"https:\/\/jmj2023-morbihan.fr\/wp-content\/uploads\/2023\/07\/JMJ-Voile-depart-Lorient-2023-3-768x1024.jpg\" alt=\"\" class=\"wp-image-765\" srcset=\"https:\/\/jmj2023-morbihan.fr\/wp-content\/uploads\/2023\/07\/JMJ-Voile-depart-Lorient-2023-3-768x1024.jpg 768w, https:\/\/jmj2023-morbihan.fr\/wp-content\/uploads\/2023\/07\/JMJ-Voile-depart-Lorient-2023-3-225x300.jpg 225w, https:\/\/jmj2023-morbihan.fr\/wp-content\/uploads\/2023\/07\/JMJ-Voile-depart-Lorient-2023-3-1152x1536.jpg 1152w, https:\/\/jmj2023-morbihan.fr\/wp-content\/uploads\/2023\/07\/JMJ-Voile-depart-Lorient-2023-3.jpg 1536w\" sizes=\"auto, (max-width: 768px) 100vw, 768px\" \/><\/figure>\n<\/div>\n<\/div>\n\n\n\n<div class=\"wp-block-columns is-layout-flex wp-container-core-columns-is-layout-28f84493 wp-block-columns-is-layout-flex\">\n<div class=\"wp-block-column is-layout-flow wp-block-column-is-layout-flow\">\n<figure class=\"wp-block-image size-large\"><img loading=\"lazy\" decoding=\"async\" width=\"768\" height=\"1024\" src=\"https:\/\/jmj2023-morbihan.fr\/wp-content\/uploads\/2023\/07\/JMJ-Voile-depart-Lorient-2023-2-768x1024.jpg\" alt=\"\" class=\"wp-image-766\" srcset=\"https:\/\/jmj2023-morbihan.fr\/wp-content\/uploads\/2023\/07\/JMJ-Voile-depart-Lorient-2023-2-768x1024.jpg 768w, https:\/\/jmj2023-morbihan.fr\/wp-content\/uploads\/2023\/07\/JMJ-Voile-depart-Lorient-2023-2-225x300.jpg 225w, https:\/\/jmj2023-morbihan.fr\/wp-content\/uploads\/2023\/07\/JMJ-Voile-depart-Lorient-2023-2-1152x1536.jpg 1152w, https:\/\/jmj2023-morbihan.fr\/wp-content\/uploads\/2023\/07\/JMJ-Voile-depart-Lorient-2023-2.jpg 1536w\" sizes=\"auto, (max-width: 768px) 100vw, 768px\" \/><\/figure>\n<\/div>\n\n\n\n<div class=\"wp-block-column is-layout-flow wp-block-column-is-layout-flow\">\n<figure class=\"wp-block-image size-large\"><img loading=\"lazy\" decoding=\"async\" width=\"768\" height=\"1024\" src=\"https:\/\/jmj2023-morbihan.fr\/wp-content\/uploads\/2023\/07\/JMJ-Voile-depart-Lorient-2023-5-768x1024.jpg\" alt=\"\" class=\"wp-image-767\" srcset=\"https:\/\/jmj2023-morbihan.fr\/wp-content\/uploads\/2023\/07\/JMJ-Voile-depart-Lorient-2023-5-768x1024.jpg 768w, https:\/\/jmj2023-morbihan.fr\/wp-content\/uploads\/2023\/07\/JMJ-Voile-depart-Lorient-2023-5-225x300.jpg 225w, https:\/\/jmj2023-morbihan.fr\/wp-content\/uploads\/2023\/07\/JMJ-Voile-depart-Lorient-2023-5-1152x1536.jpg 1152w, https:\/\/jmj2023-morbihan.fr\/wp-content\/uploads\/2023\/07\/JMJ-Voile-depart-Lorient-2023-5.jpg 1536w\" sizes=\"auto, (max-width: 768px) 100vw, 768px\" \/><\/figure>\n<\/div>\n\n\n\n<div class=\"wp-block-column is-layout-flow wp-block-column-is-layout-flow\">\n<figure class=\"wp-block-image size-large is-resized\"><img loading=\"lazy\" decoding=\"async\" src=\"https:\/\/jmj2023-morbihan.fr\/wp-content\/uploads\/2023\/07\/JMJ-Voile-depart-Lorient-2023-8bis-799x1024.jpg\" alt=\"\" class=\"wp-image-768\" width=\"354\" height=\"453\" srcset=\"https:\/\/jmj2023-morbihan.fr\/wp-content\/uploads\/2023\/07\/JMJ-Voile-depart-Lorient-2023-8bis-799x1024.jpg 799w, https:\/\/jmj2023-morbihan.fr\/wp-content\/uploads\/2023\/07\/JMJ-Voile-depart-Lorient-2023-8bis-234x300.jpg 234w, https:\/\/jmj2023-morbihan.fr\/wp-content\/uploads\/2023\/07\/JMJ-Voile-depart-Lorient-2023-8bis-768x985.jpg 768w, https:\/\/jmj2023-morbihan.fr\/wp-content\/uploads\/2023\/07\/JMJ-Voile-depart-Lorient-2023-8bis.jpg 1198w\" sizes=\"auto, (max-width: 354px) 100vw, 354px\" \/><\/figure>\n<\/div>\n<\/div>\n","protected":false},"excerpt":{"rendered":"<p>Plusieurs \u00e9quipages sont partis samedi 22 juillet de Lorient, comme nous l&rsquo;annoncions dans notre article, pour 10 \u00e0 12 jours de navigation \u00e0 destination de Lisbonne. Une messe \u00e9tait c\u00e9l\u00e9br\u00e9e \u00e0 Larmor-Plage pour lancer le p\u00e8lerinage, avec les fr\u00e8res de Saint-Jean de l&rsquo;association \u00ab\u00a0P\u00e8lerins de la mer\u00a0\u00bb. Un \u00e9quipage form\u00e9 de membres de SOS Calvaire, &hellip;<\/p>\n<p class=\"read-more\"> <a class=\"\" href=\"https:\/\/jmj2023-morbihan.fr\/index.php\/2023\/07\/24\/voile-le-depart-aux-jmj\/\"> <span class=\"screen-reader-text\">Voile : cap sur le Portugal !<\/span> Lire la suite\u00a0\u00bb<\/a><\/p>\n","protected":false},"author":2,"featured_media":762,"comment_status":"closed","ping_status":"closed","sticky":false,"template":"","format":"standard","meta":{"site-sidebar-layout":"default","site-content-layout":"default","ast-global-header-display":"","ast-main-header-display":"","ast-hfb-above-header-display":"","ast-hfb-below-header-display":"","ast-hfb-mobile-header-display":"","site-post-title":"","ast-breadcrumbs-content":"","ast-featured-img":"","footer-sml-layout":"","theme-transparent-header-meta":"","adv-header-id-meta":"","stick-header-meta":"","header-above-stick-meta":"","header-main-stick-meta":"","header-below-stick-meta":"","footnotes":""},"categories":[5],"tags":[],"class_list":["post-761","post","type-post","status-publish","format-standard","has-post-thumbnail","hentry","category-news"],"yoast_head":"<!-- This site is optimized with the Yoast SEO plugin v20.3 - https:\/\/yoast.com\/wordpress\/plugins\/seo\/ -->\n<title>Voile : cap sur le Portugal ! - JMJ 2023 LISBONNE : PARS AVEC LE MORBIHAN<\/title>\n<meta name=\"robots\" content=\"index, follow, max-snippet:-1, max-image-preview:large, max-video-preview:-1\" \/>\n<link rel=\"canonical\" href=\"https:\/\/jmj2023-morbihan.fr\/index.php\/2023\/07\/24\/voile-le-depart-aux-jmj\/\" \/>\n<meta property=\"og:locale\" content=\"fr_FR\" \/>\n<meta property=\"og:type\" content=\"article\" \/>\n<meta property=\"og:title\" content=\"Voile : cap sur le Portugal ! - JMJ 2023 LISBONNE : PARS AVEC LE MORBIHAN\" \/>\n<meta property=\"og:description\" content=\"Plusieurs \u00e9quipages sont partis samedi 22 juillet de Lorient, comme nous l&rsquo;annoncions dans notre article, pour 10 \u00e0 12 jours de navigation \u00e0 destination de Lisbonne. Une messe \u00e9tait c\u00e9l\u00e9br\u00e9e \u00e0 Larmor-Plage pour lancer le p\u00e8lerinage, avec les fr\u00e8res de Saint-Jean de l&rsquo;association \u00ab\u00a0P\u00e8lerins de la mer\u00a0\u00bb. Un \u00e9quipage form\u00e9 de membres de SOS Calvaire, &hellip; Voile : cap sur le Portugal ! Lire la suite\u00a0\u00bb\" \/>\n<meta property=\"og:url\" content=\"https:\/\/jmj2023-morbihan.fr\/index.php\/2023\/07\/24\/voile-le-depart-aux-jmj\/\" \/>\n<meta property=\"og:site_name\" content=\"JMJ 2023 LISBONNE : PARS AVEC LE MORBIHAN\" \/>\n<meta property=\"article:publisher\" content=\"https:\/\/www.facebook.com\/jmj2023morbihan\" \/>\n<meta property=\"article:published_time\" content=\"2023-07-24T12:46:37+00:00\" \/>\n<meta property=\"article:modified_time\" content=\"2023-07-27T20:48:02+00:00\" \/>\n<meta property=\"og:image\" content=\"https:\/\/jmj2023-morbihan.fr\/wp-content\/uploads\/2023\/07\/JMJ-Voile-depart-Lorient-2023-1.jpg\" \/>\n\t<meta property=\"og:image:width\" content=\"2048\" \/>\n\t<meta property=\"og:image:height\" content=\"1536\" \/>\n\t<meta property=\"og:image:type\" content=\"image\/jpeg\" \/>\n<meta name=\"author\" content=\"\u00c9quipe com&#039; JMJ Morbihan\" \/>\n<meta name=\"twitter:card\" content=\"summary_large_image\" \/>\n<meta name=\"twitter:label1\" content=\"\u00c9crit par\" \/>\n\t<meta name=\"twitter:data1\" content=\"\u00c9quipe com' JMJ Morbihan\" \/>\n\t<meta name=\"twitter:label2\" content=\"Dur\u00e9e de lecture estim\u00e9e\" \/>\n\t<meta name=\"twitter:data2\" content=\"2 minutes\" \/>\n<script type=\"application\/ld+json\" class=\"yoast-schema-graph\">{\"@context\":\"https:\/\/schema.org\",\"@graph\":[{\"@type\":\"Article\",\"@id\":\"https:\/\/jmj2023-morbihan.fr\/index.php\/2023\/07\/24\/voile-le-depart-aux-jmj\/#article\",\"isPartOf\":{\"@id\":\"https:\/\/jmj2023-morbihan.fr\/index.php\/2023\/07\/24\/voile-le-depart-aux-jmj\/\"},\"author\":{\"name\":\"\u00c9quipe com' JMJ Morbihan\",\"@id\":\"https:\/\/jmj2023-morbihan.fr\/#\/schema\/person\/e3c4aa08f56cac91a126a58b8bc667d1\"},\"headline\":\"Voile : cap sur le Portugal !\",\"datePublished\":\"2023-07-24T12:46:37+00:00\",\"dateModified\":\"2023-07-27T20:48:02+00:00\",\"mainEntityOfPage\":{\"@id\":\"https:\/\/jmj2023-morbihan.fr\/index.php\/2023\/07\/24\/voile-le-depart-aux-jmj\/\"},\"wordCount\":145,\"publisher\":{\"@id\":\"https:\/\/jmj2023-morbihan.fr\/#organization\"},\"articleSection\":[\"NEWS\"],\"inLanguage\":\"fr-FR\"},{\"@type\":\"WebPage\",\"@id\":\"https:\/\/jmj2023-morbihan.fr\/index.php\/2023\/07\/24\/voile-le-depart-aux-jmj\/\",\"url\":\"https:\/\/jmj2023-morbihan.fr\/index.php\/2023\/07\/24\/voile-le-depart-aux-jmj\/\",\"name\":\"Voile : cap sur le Portugal ! - JMJ 2023 LISBONNE : PARS AVEC LE MORBIHAN\",\"isPartOf\":{\"@id\":\"https:\/\/jmj2023-morbihan.fr\/#website\"},\"datePublished\":\"2023-07-24T12:46:37+00:00\",\"dateModified\":\"2023-07-27T20:48:02+00:00\",\"breadcrumb\":{\"@id\":\"https:\/\/jmj2023-morbihan.fr\/index.php\/2023\/07\/24\/voile-le-depart-aux-jmj\/#breadcrumb\"},\"inLanguage\":\"fr-FR\",\"potentialAction\":[{\"@type\":\"ReadAction\",\"target\":[\"https:\/\/jmj2023-morbihan.fr\/index.php\/2023\/07\/24\/voile-le-depart-aux-jmj\/\"]}]},{\"@type\":\"BreadcrumbList\",\"@id\":\"https:\/\/jmj2023-morbihan.fr\/index.php\/2023\/07\/24\/voile-le-depart-aux-jmj\/#breadcrumb\",\"itemListElement\":[{\"@type\":\"ListItem\",\"position\":1,\"name\":\"Accueil\",\"item\":\"https:\/\/jmj2023-morbihan.fr\/\"},{\"@type\":\"ListItem\",\"position\":2,\"name\":\"Voile : cap sur le Portugal !\"}]},{\"@type\":\"WebSite\",\"@id\":\"https:\/\/jmj2023-morbihan.fr\/#website\",\"url\":\"https:\/\/jmj2023-morbihan.fr\/\",\"name\":\"JMJ 2023 LISBONNE : PARS AVEC LE MORBIHAN\",\"description\":\"Le site des Journ\u00e9es Mondiales de la Jeunesse 2023 pour le dioc\u00e8se de Vannes (Morbihan)\",\"publisher\":{\"@id\":\"https:\/\/jmj2023-morbihan.fr\/#organization\"},\"potentialAction\":[{\"@type\":\"SearchAction\",\"target\":{\"@type\":\"EntryPoint\",\"urlTemplate\":\"https:\/\/jmj2023-morbihan.fr\/?s={search_term_string}\"},\"query-input\":\"required name=search_term_string\"}],\"inLanguage\":\"fr-FR\"},{\"@type\":\"Organization\",\"@id\":\"https:\/\/jmj2023-morbihan.fr\/#organization\",\"name\":\"JMJ 2023 LISBONNE : PARS AVEC LE MORBIHAN\",\"url\":\"https:\/\/jmj2023-morbihan.fr\/\",\"logo\":{\"@type\":\"ImageObject\",\"inLanguage\":\"fr-FR\",\"@id\":\"https:\/\/jmj2023-morbihan.fr\/#\/schema\/logo\/image\/\",\"url\":\"https:\/\/jmj2023-morbihan.fr\/wp-content\/uploads\/2022\/11\/jmj2023-morbihan-lisbonne-logo-rond.png\",\"contentUrl\":\"https:\/\/jmj2023-morbihan.fr\/wp-content\/uploads\/2022\/11\/jmj2023-morbihan-lisbonne-logo-rond.png\",\"width\":200,\"height\":200,\"caption\":\"JMJ 2023 LISBONNE : PARS AVEC LE MORBIHAN\"},\"image\":{\"@id\":\"https:\/\/jmj2023-morbihan.fr\/#\/schema\/logo\/image\/\"},\"sameAs\":[\"https:\/\/www.facebook.com\/jmj2023morbihan\",\"https:\/\/www.instagram.com\/jmj2023morbihan\/\"]},{\"@type\":\"Person\",\"@id\":\"https:\/\/jmj2023-morbihan.fr\/#\/schema\/person\/e3c4aa08f56cac91a126a58b8bc667d1\",\"name\":\"\u00c9quipe com' JMJ Morbihan\",\"image\":{\"@type\":\"ImageObject\",\"inLanguage\":\"fr-FR\",\"@id\":\"https:\/\/jmj2023-morbihan.fr\/#\/schema\/person\/image\/\",\"url\":\"https:\/\/secure.gravatar.com\/avatar\/472dd6a0422fc63441e9279b77ab228870d99ced6aa41d85ac33e9475a065826?s=96&d=mm&r=g\",\"contentUrl\":\"https:\/\/secure.gravatar.com\/avatar\/472dd6a0422fc63441e9279b77ab228870d99ced6aa41d85ac33e9475a065826?s=96&d=mm&r=g\",\"caption\":\"\u00c9quipe com' JMJ Morbihan\"},\"url\":\"https:\/\/jmj2023-morbihan.fr\/index.php\/author\/isabelle-claquin\/\"}]}<\/script>\n<!-- \/ Yoast SEO plugin. -->","yoast_head_json":{"title":"Voile : cap sur le Portugal ! - JMJ 2023 LISBONNE : PARS AVEC LE MORBIHAN","robots":{"index":"index","follow":"follow","max-snippet":"max-snippet:-1","max-image-preview":"max-image-preview:large","max-video-preview":"max-video-preview:-1"},"canonical":"https:\/\/jmj2023-morbihan.fr\/index.php\/2023\/07\/24\/voile-le-depart-aux-jmj\/","og_locale":"fr_FR","og_type":"article","og_title":"Voile : cap sur le Portugal ! - JMJ 2023 LISBONNE : PARS AVEC LE MORBIHAN","og_description":"Plusieurs \u00e9quipages sont partis samedi 22 juillet de Lorient, comme nous l&rsquo;annoncions dans notre article, pour 10 \u00e0 12 jours de navigation \u00e0 destination de Lisbonne. Une messe \u00e9tait c\u00e9l\u00e9br\u00e9e \u00e0 Larmor-Plage pour lancer le p\u00e8lerinage, avec les fr\u00e8res de Saint-Jean de l&rsquo;association \u00ab\u00a0P\u00e8lerins de la mer\u00a0\u00bb. Un \u00e9quipage form\u00e9 de membres de SOS Calvaire, &hellip; Voile : cap sur le Portugal ! Lire la suite\u00a0\u00bb","og_url":"https:\/\/jmj2023-morbihan.fr\/index.php\/2023\/07\/24\/voile-le-depart-aux-jmj\/","og_site_name":"JMJ 2023 LISBONNE : PARS AVEC LE MORBIHAN","article_publisher":"https:\/\/www.facebook.com\/jmj2023morbihan","article_published_time":"2023-07-24T12:46:37+00:00","article_modified_time":"2023-07-27T20:48:02+00:00","og_image":[{"width":2048,"height":1536,"url":"https:\/\/jmj2023-morbihan.fr\/wp-content\/uploads\/2023\/07\/JMJ-Voile-depart-Lorient-2023-1.jpg","type":"image\/jpeg"}],"author":"\u00c9quipe com' JMJ Morbihan","twitter_card":"summary_large_image","twitter_misc":{"\u00c9crit par":"\u00c9quipe com' JMJ Morbihan","Dur\u00e9e de lecture estim\u00e9e":"2 minutes"},"schema":{"@context":"https:\/\/schema.org","@graph":[{"@type":"Article","@id":"https:\/\/jmj2023-morbihan.fr\/index.php\/2023\/07\/24\/voile-le-depart-aux-jmj\/#article","isPartOf":{"@id":"https:\/\/jmj2023-morbihan.fr\/index.php\/2023\/07\/24\/voile-le-depart-aux-jmj\/"},"author":{"name":"\u00c9quipe com' JMJ Morbihan","@id":"https:\/\/jmj2023-morbihan.fr\/#\/schema\/person\/e3c4aa08f56cac91a126a58b8bc667d1"},"headline":"Voile : cap sur le Portugal !","datePublished":"2023-07-24T12:46:37+00:00","dateModified":"2023-07-27T20:48:02+00:00","mainEntityOfPage":{"@id":"https:\/\/jmj2023-morbihan.fr\/index.php\/2023\/07\/24\/voile-le-depart-aux-jmj\/"},"wordCount":145,"publisher":{"@id":"https:\/\/jmj2023-morbihan.fr\/#organization"},"articleSection":["NEWS"],"inLanguage":"fr-FR"},{"@type":"WebPage","@id":"https:\/\/jmj2023-morbihan.fr\/index.php\/2023\/07\/24\/voile-le-depart-aux-jmj\/","url":"https:\/\/jmj2023-morbihan.fr\/index.php\/2023\/07\/24\/voile-le-depart-aux-jmj\/","name":"Voile : cap sur le Portugal ! - JMJ 2023 LISBONNE : PARS AVEC LE MORBIHAN","isPartOf":{"@id":"https:\/\/jmj2023-morbihan.fr\/#website"},"datePublished":"2023-07-24T12:46:37+00:00","dateModified":"2023-07-27T20:48:02+00:00","breadcrumb":{"@id":"https:\/\/jmj2023-morbihan.fr\/index.php\/2023\/07\/24\/voile-le-depart-aux-jmj\/#breadcrumb"},"inLanguage":"fr-FR","potentialAction":[{"@type":"ReadAction","target":["https:\/\/jmj2023-morbihan.fr\/index.php\/2023\/07\/24\/voile-le-depart-aux-jmj\/"]}]},{"@type":"BreadcrumbList","@id":"https:\/\/jmj2023-morbihan.fr\/index.php\/2023\/07\/24\/voile-le-depart-aux-jmj\/#breadcrumb","itemListElement":[{"@type":"ListItem","position":1,"name":"Accueil","item":"https:\/\/jmj2023-morbihan.fr\/"},{"@type":"ListItem","position":2,"name":"Voile : cap sur le Portugal !"}]},{"@type":"WebSite","@id":"https:\/\/jmj2023-morbihan.fr\/#website","url":"https:\/\/jmj2023-morbihan.fr\/","name":"JMJ 2023 LISBONNE : PARS AVEC LE MORBIHAN","description":"Le site des Journ\u00e9es Mondiales de la Jeunesse 2023 pour le dioc\u00e8se de Vannes (Morbihan)","publisher":{"@id":"https:\/\/jmj2023-morbihan.fr\/#organization"},"potentialAction":[{"@type":"SearchAction","target":{"@type":"EntryPoint","urlTemplate":"https:\/\/jmj2023-morbihan.fr\/?s={search_term_string}"},"query-input":"required name=search_term_string"}],"inLanguage":"fr-FR"},{"@type":"Organization","@id":"https:\/\/jmj2023-morbihan.fr\/#organization","name":"JMJ 2023 LISBONNE : PARS AVEC LE MORBIHAN","url":"https:\/\/jmj2023-morbihan.fr\/","logo":{"@type":"ImageObject","inLanguage":"fr-FR","@id":"https:\/\/jmj2023-morbihan.fr\/#\/schema\/logo\/image\/","url":"https:\/\/jmj2023-morbihan.fr\/wp-content\/uploads\/2022\/11\/jmj2023-morbihan-lisbonne-logo-rond.png","contentUrl":"https:\/\/jmj2023-morbihan.fr\/wp-content\/uploads\/2022\/11\/jmj2023-morbihan-lisbonne-logo-rond.png","width":200,"height":200,"caption":"JMJ 2023 LISBONNE : PARS AVEC LE MORBIHAN"},"image":{"@id":"https:\/\/jmj2023-morbihan.fr\/#\/schema\/logo\/image\/"},"sameAs":["https:\/\/www.facebook.com\/jmj2023morbihan","https:\/\/www.instagram.com\/jmj2023morbihan\/"]},{"@type":"Person","@id":"https:\/\/jmj2023-morbihan.fr\/#\/schema\/person\/e3c4aa08f56cac91a126a58b8bc667d1","name":"\u00c9quipe com' JMJ Morbihan","image":{"@type":"ImageObject","inLanguage":"fr-FR","@id":"https:\/\/jmj2023-morbihan.fr\/#\/schema\/person\/image\/","url":"https:\/\/secure.gravatar.com\/avatar\/472dd6a0422fc63441e9279b77ab228870d99ced6aa41d85ac33e9475a065826?s=96&d=mm&r=g","contentUrl":"https:\/\/secure.gravatar.com\/avatar\/472dd6a0422fc63441e9279b77ab228870d99ced6aa41d85ac33e9475a065826?s=96&d=mm&r=g","caption":"\u00c9quipe com' JMJ Morbihan"},"url":"https:\/\/jmj2023-morbihan.fr\/index.php\/author\/isabelle-claquin\/"}]}},"jetpack_featured_media_url":"https:\/\/jmj2023-morbihan.fr\/wp-content\/uploads\/2023\/07\/JMJ-Voile-depart-Lorient-2023-1.jpg","_links":{"self":[{"href":"https:\/\/jmj2023-morbihan.fr\/index.php\/wp-json\/wp\/v2\/posts\/761","targetHints":{"allow":["GET"]}}],"collection":[{"href":"https:\/\/jmj2023-morbihan.fr\/index.php\/wp-json\/wp\/v2\/posts"}],"about":[{"href":"https:\/\/jmj2023-morbihan.fr\/index.php\/wp-json\/wp\/v2\/types\/post"}],"author":[{"embeddable":true,"href":"https:\/\/jmj2023-morbihan.fr\/index.php\/wp-json\/wp\/v2\/users\/2"}],"replies":[{"embeddable":true,"href":"https:\/\/jmj2023-morbihan.fr\/index.php\/wp-json\/wp\/v2\/comments?post=761"}],"version-history":[{"count":5,"href":"https:\/\/jmj2023-morbihan.fr\/index.php\/wp-json\/wp\/v2\/posts\/761\/revisions"}],"predecessor-version":[{"id":781,"href":"https:\/\/jmj2023-morbihan.fr\/index.php\/wp-json\/wp\/v2\/posts\/761\/revisions\/781"}],"wp:featuredmedia":[{"embeddable":true,"href":"https:\/\/jmj2023-morbihan.fr\/index.php\/wp-json\/wp\/v2\/media\/762"}],"wp:attachment":[{"href":"https:\/\/jmj2023-morbihan.fr\/index.php\/wp-json\/wp\/v2\/media?parent=761"}],"wp:term":[{"taxonomy":"category","embeddable":true,"href":"https:\/\/jmj2023-morbihan.fr\/index.php\/wp-json\/wp\/v2\/categories?post=761"},{"taxonomy":"post_tag","embeddable":true,"href":"https:\/\/jmj2023-morbihan.fr\/index.php\/wp-json\/wp\/v2\/tags?post=761"}],"curies":[{"name":"wp","href":"https:\/\/api.w.org\/{rel}","templated":true}]}}