{"id":789,"date":"2023-09-04T22:00:30","date_gmt":"2023-09-04T20:00:30","guid":{"rendered":"https:\/\/jmj2023-morbihan.fr\/?p=789"},"modified":"2023-09-07T15:12:18","modified_gmt":"2023-09-07T13:12:18","slug":"retrospective-des-jmj-nayez-pas-peur","status":"publish","type":"post","link":"https:\/\/jmj2023-morbihan.fr\/index.php\/2023\/09\/04\/retrospective-des-jmj-nayez-pas-peur\/","title":{"rendered":"R\u00e9trospective des JMJ : n&rsquo;ayez pas peur !"},"content":{"rendered":"\n<p><strong><em>Un million et demi de jeunes du monde entier se sont retrouv\u00e9s \u00e0 Lisbonne pour les JMJ 2023&nbsp;! Avec plus de 40000 fran\u00e7ais, accompagn\u00e9s de 75 \u00e9v\u00eaques, la France \u00e9tait le troisi\u00e8me pays le plus repr\u00e9sent\u00e9, derri\u00e8re l\u2019Espagne et l\u2019Italie.<\/em><\/strong><\/p>\n\n\n\n<p>Pour notre dioc\u00e8se, 170 mineurs avec leurs 23 accompagnateurs et 10 pr\u00eatres ont particip\u00e9, ainsi que 200 jeunes majeurs rejoins par le Finist\u00e8re.<\/p>\n\n\n\n<p>La premi\u00e8re semaine se d\u00e9roulait dans les dioc\u00e8ses\u00a0portugais, du 25 au 31 juillet\u00a0: le dioc\u00e8se de Coimbra, avec cinq lieux diff\u00e9rents pour les mineurs (Penacova, Lorv\u00e3o, Figuerra de Lorv\u00e3o, Mondalva, Mortagua) et le dioc\u00e8se de Porto pour les majeurs (Saint-Jean-de-Mad\u00e8re). Visites, topos, messes, moments conviviaux, rencontres, baignades, spectacle, danses, \u2026 ont \u00e9maill\u00e9 les jours sous un soleil de plomb\u2026 et parfois la pluie\u00a0! <\/p>\n\n\n\n<h2 class=\"wp-block-heading has-ast-global-color-0-color has-text-color\">T\u00e9moignages<\/h2>\n\n\n\n<p>Tous n&rsquo;ont pas v\u00e9cu la m\u00eame chose, mais les avis sont unanimes : c&rsquo;\u00e9tait trop g\u00e9nial ! <a href=\"https:\/\/jmj2023-morbihan.fr\/index.php\/2023\/09\/05\/alors-les-jmj\/\" target=\"_blank\" rel=\"noreferrer noopener\">Retrouvez ici les t\u00e9moignages de jeunes et accompagnateurs !<\/a><\/p>\n\n\n\n<h2 class=\"wp-block-heading has-ast-global-color-0-color has-text-color\">Retour en images <\/h2>\n\n\n\n<h3 class=\"wp-block-heading has-ast-global-color-7-color has-text-color\">La semaine en dioc\u00e8se<\/h3>\n\n\n\n<h5 class=\"wp-block-heading\"><strong>Les mineurs<\/strong><\/h5>\n\n\n\n<figure class=\"wp-block-gallery has-nested-images columns-4 is-cropped wp-block-gallery-1 is-layout-flex wp-block-gallery-is-layout-flex\">\n<figure class=\"wp-block-image size-large\"><a href=\"https:\/\/jmj2023-morbihan.fr\/wp-content\/uploads\/2023\/09\/groupe-depart-mineurs-2023-07-25-at-21.49.27.jpeg\" target=\"_blank\" rel=\"noopener\"><img loading=\"lazy\" decoding=\"async\" width=\"1024\" height=\"667\" data-id=\"827\" src=\"https:\/\/jmj2023-morbihan.fr\/wp-content\/uploads\/2023\/09\/groupe-depart-mineurs-2023-07-25-at-21.49.27-1024x667.jpeg\" alt=\"\" class=\"wp-image-827\" srcset=\"https:\/\/jmj2023-morbihan.fr\/wp-content\/uploads\/2023\/09\/groupe-depart-mineurs-2023-07-25-at-21.49.27-1024x667.jpeg 1024w, https:\/\/jmj2023-morbihan.fr\/wp-content\/uploads\/2023\/09\/groupe-depart-mineurs-2023-07-25-at-21.49.27-300x195.jpeg 300w, https:\/\/jmj2023-morbihan.fr\/wp-content\/uploads\/2023\/09\/groupe-depart-mineurs-2023-07-25-at-21.49.27-768x500.jpeg 768w, https:\/\/jmj2023-morbihan.fr\/wp-content\/uploads\/2023\/09\/groupe-depart-mineurs-2023-07-25-at-21.49.27.jpeg 1371w\" sizes=\"auto, (max-width: 1024px) 100vw, 1024px\" \/><\/a><\/figure>\n\n\n\n<figure class=\"wp-block-image size-large\"><a href=\"https:\/\/jmj2023-morbihan.fr\/wp-content\/uploads\/2023\/09\/WhatsApp-Image-2023-07-25-at-21.47.57.jpeg\" target=\"_blank\" rel=\"noopener\"><img loading=\"lazy\" decoding=\"async\" width=\"1024\" height=\"768\" data-id=\"829\" src=\"https:\/\/jmj2023-morbihan.fr\/wp-content\/uploads\/2023\/09\/WhatsApp-Image-2023-07-25-at-21.47.57-1024x768.jpeg\" alt=\"\" class=\"wp-image-829\" srcset=\"https:\/\/jmj2023-morbihan.fr\/wp-content\/uploads\/2023\/09\/WhatsApp-Image-2023-07-25-at-21.47.57-1024x768.jpeg 1024w, https:\/\/jmj2023-morbihan.fr\/wp-content\/uploads\/2023\/09\/WhatsApp-Image-2023-07-25-at-21.47.57-300x225.jpeg 300w, https:\/\/jmj2023-morbihan.fr\/wp-content\/uploads\/2023\/09\/WhatsApp-Image-2023-07-25-at-21.47.57-768x576.jpeg 768w, https:\/\/jmj2023-morbihan.fr\/wp-content\/uploads\/2023\/09\/WhatsApp-Image-2023-07-25-at-21.47.57-1536x1152.jpeg 1536w, https:\/\/jmj2023-morbihan.fr\/wp-content\/uploads\/2023\/09\/WhatsApp-Image-2023-07-25-at-21.47.57.jpeg 2000w\" sizes=\"auto, (max-width: 1024px) 100vw, 1024px\" \/><\/a><\/figure>\n\n\n\n<figure class=\"wp-block-image size-large\"><a href=\"https:\/\/jmj2023-morbihan.fr\/wp-content\/uploads\/2023\/09\/car-depart-mineurs-2023-07-25-at-21.49.27.jpeg\" target=\"_blank\" rel=\"noopener\"><img loading=\"lazy\" decoding=\"async\" width=\"1024\" height=\"741\" data-id=\"815\" src=\"https:\/\/jmj2023-morbihan.fr\/wp-content\/uploads\/2023\/09\/car-depart-mineurs-2023-07-25-at-21.49.27-1024x741.jpeg\" alt=\"\" class=\"wp-image-815\" srcset=\"https:\/\/jmj2023-morbihan.fr\/wp-content\/uploads\/2023\/09\/car-depart-mineurs-2023-07-25-at-21.49.27-1024x741.jpeg 1024w, https:\/\/jmj2023-morbihan.fr\/wp-content\/uploads\/2023\/09\/car-depart-mineurs-2023-07-25-at-21.49.27-300x217.jpeg 300w, https:\/\/jmj2023-morbihan.fr\/wp-content\/uploads\/2023\/09\/car-depart-mineurs-2023-07-25-at-21.49.27-768x556.jpeg 768w, https:\/\/jmj2023-morbihan.fr\/wp-content\/uploads\/2023\/09\/car-depart-mineurs-2023-07-25-at-21.49.27.jpeg 1489w\" sizes=\"auto, (max-width: 1024px) 100vw, 1024px\" \/><\/a><\/figure>\n\n\n\n<figure class=\"wp-block-image size-large\"><a href=\"https:\/\/jmj2023-morbihan.fr\/wp-content\/uploads\/2023\/09\/Pretres-accompagnateurs-mineurs-depart-2023-07-25-at-21.43.54.jpeg\" target=\"_blank\" rel=\"noopener\"><img loading=\"lazy\" decoding=\"async\" width=\"1024\" height=\"789\" data-id=\"834\" src=\"https:\/\/jmj2023-morbihan.fr\/wp-content\/uploads\/2023\/09\/Pretres-accompagnateurs-mineurs-depart-2023-07-25-at-21.43.54-1024x789.jpeg\" alt=\"\" class=\"wp-image-834\" srcset=\"https:\/\/jmj2023-morbihan.fr\/wp-content\/uploads\/2023\/09\/Pretres-accompagnateurs-mineurs-depart-2023-07-25-at-21.43.54-1024x789.jpeg 1024w, https:\/\/jmj2023-morbihan.fr\/wp-content\/uploads\/2023\/09\/Pretres-accompagnateurs-mineurs-depart-2023-07-25-at-21.43.54-300x231.jpeg 300w, https:\/\/jmj2023-morbihan.fr\/wp-content\/uploads\/2023\/09\/Pretres-accompagnateurs-mineurs-depart-2023-07-25-at-21.43.54-768x591.jpeg 768w, https:\/\/jmj2023-morbihan.fr\/wp-content\/uploads\/2023\/09\/Pretres-accompagnateurs-mineurs-depart-2023-07-25-at-21.43.54.jpeg 1418w\" sizes=\"auto, (max-width: 1024px) 100vw, 1024px\" \/><\/a><\/figure>\n<\/figure>\n\n\n\n<p class=\"has-text-align-right has-small-font-size\">Cr\u00e9dit photos \u00a9Polejeunes56<\/p>\n\n\n\n<p><a href=\"https:\/\/jmj2023-morbihan.fr\/index.php\/2023\/09\/05\/retour-en-images-des-mineurs-aux-jmj-1ere-semaine\/\" target=\"_blank\" rel=\"noreferrer noopener\">Voir la suite &#8230;<\/a><\/p>\n\n\n\n<hr class=\"wp-block-separator has-alpha-channel-opacity\"\/>\n\n\n\n<h5 class=\"wp-block-heading\"><strong>Les majeurs <\/strong><\/h5>\n\n\n\n<figure class=\"wp-block-embed is-type-rich is-provider-instagram wp-block-embed-instagram\"><div class=\"wp-block-embed__wrapper\">\n<blockquote class=\"instagram-media\" data-instgrm-captioned data-instgrm-permalink=\"https:\/\/www.instagram.com\/reel\/Cw4gERIyMMy\/?utm_source=ig_embed&amp;utm_campaign=loading\" data-instgrm-version=\"14\" style=\" background:#FFF; border:0; border-radius:3px; box-shadow:0 0 1px 0 rgba(0,0,0,0.5),0 1px 10px 0 rgba(0,0,0,0.15); margin: 1px; max-width:500px; min-width:326px; padding:0; width:99.375%; width:-webkit-calc(100% - 2px); width:calc(100% - 2px);\"><div style=\"padding:16px;\"> <a href=\"https:\/\/www.instagram.com\/reel\/Cw4gERIyMMy\/?utm_source=ig_embed&amp;utm_campaign=loading\" style=\" background:#FFFFFF; line-height:0; padding:0 0; text-align:center; text-decoration:none; width:100%;\" target=\"_blank\"> <div style=\" display: flex; flex-direction: row; align-items: center;\"> <div style=\"background-color: #F4F4F4; border-radius: 50%; flex-grow: 0; height: 40px; margin-right: 14px; width: 40px;\"><\/div> <div style=\"display: flex; flex-direction: column; flex-grow: 1; justify-content: center;\"> <div style=\" background-color: #F4F4F4; border-radius: 4px; flex-grow: 0; height: 14px; margin-bottom: 6px; width: 100px;\"><\/div> <div style=\" background-color: #F4F4F4; border-radius: 4px; flex-grow: 0; height: 14px; width: 60px;\"><\/div><\/div><\/div><div style=\"padding: 19% 0;\"><\/div> <div style=\"display:block; height:50px; margin:0 auto 12px; width:50px;\"><svg width=\"50px\" height=\"50px\" viewBox=\"0 0 60 60\" version=\"1.1\" xmlns=\"https:\/\/www.w3.org\/2000\/svg\" xmlns:xlink=\"https:\/\/www.w3.org\/1999\/xlink\"><g stroke=\"none\" stroke-width=\"1\" fill=\"none\" fill-rule=\"evenodd\"><g transform=\"translate(-511.000000, -20.000000)\" fill=\"#000000\"><g><path d=\"M556.869,30.41 C554.814,30.41 553.148,32.076 553.148,34.131 C553.148,36.186 554.814,37.852 556.869,37.852 C558.924,37.852 560.59,36.186 560.59,34.131 C560.59,32.076 558.924,30.41 556.869,30.41 M541,60.657 C535.114,60.657 530.342,55.887 530.342,50 C530.342,44.114 535.114,39.342 541,39.342 C546.887,39.342 551.658,44.114 551.658,50 C551.658,55.887 546.887,60.657 541,60.657 M541,33.886 C532.1,33.886 524.886,41.1 524.886,50 C524.886,58.899 532.1,66.113 541,66.113 C549.9,66.113 557.115,58.899 557.115,50 C557.115,41.1 549.9,33.886 541,33.886 M565.378,62.101 C565.244,65.022 564.756,66.606 564.346,67.663 C563.803,69.06 563.154,70.057 562.106,71.106 C561.058,72.155 560.06,72.803 558.662,73.347 C557.607,73.757 556.021,74.244 553.102,74.378 C549.944,74.521 548.997,74.552 541,74.552 C533.003,74.552 532.056,74.521 528.898,74.378 C525.979,74.244 524.393,73.757 523.338,73.347 C521.94,72.803 520.942,72.155 519.894,71.106 C518.846,70.057 518.197,69.06 517.654,67.663 C517.244,66.606 516.755,65.022 516.623,62.101 C516.479,58.943 516.448,57.996 516.448,50 C516.448,42.003 516.479,41.056 516.623,37.899 C516.755,34.978 517.244,33.391 517.654,32.338 C518.197,30.938 518.846,29.942 519.894,28.894 C520.942,27.846 521.94,27.196 523.338,26.654 C524.393,26.244 525.979,25.756 528.898,25.623 C532.057,25.479 533.004,25.448 541,25.448 C548.997,25.448 549.943,25.479 553.102,25.623 C556.021,25.756 557.607,26.244 558.662,26.654 C560.06,27.196 561.058,27.846 562.106,28.894 C563.154,29.942 563.803,30.938 564.346,32.338 C564.756,33.391 565.244,34.978 565.378,37.899 C565.522,41.056 565.552,42.003 565.552,50 C565.552,57.996 565.522,58.943 565.378,62.101 M570.82,37.631 C570.674,34.438 570.167,32.258 569.425,30.349 C568.659,28.377 567.633,26.702 565.965,25.035 C564.297,23.368 562.623,22.342 560.652,21.575 C558.743,20.834 556.562,20.326 553.369,20.18 C550.169,20.033 549.148,20 541,20 C532.853,20 531.831,20.033 528.631,20.18 C525.438,20.326 523.257,20.834 521.349,21.575 C519.376,22.342 517.703,23.368 516.035,25.035 C514.368,26.702 513.342,28.377 512.574,30.349 C511.834,32.258 511.326,34.438 511.181,37.631 C511.035,40.831 511,41.851 511,50 C511,58.147 511.035,59.17 511.181,62.369 C511.326,65.562 511.834,67.743 512.574,69.651 C513.342,71.625 514.368,73.296 516.035,74.965 C517.703,76.634 519.376,77.658 521.349,78.425 C523.257,79.167 525.438,79.673 528.631,79.82 C531.831,79.965 532.853,80.001 541,80.001 C549.148,80.001 550.169,79.965 553.369,79.82 C556.562,79.673 558.743,79.167 560.652,78.425 C562.623,77.658 564.297,76.634 565.965,74.965 C567.633,73.296 568.659,71.625 569.425,69.651 C570.167,67.743 570.674,65.562 570.82,62.369 C570.966,59.17 571,58.147 571,50 C571,41.851 570.966,40.831 570.82,37.631\"><\/path><\/g><\/g><\/g><\/svg><\/div><div style=\"padding-top: 8px;\"> <div style=\" color:#3897f0; font-family:Arial,sans-serif; font-size:14px; font-style:normal; font-weight:550; line-height:18px;\">View this post on Instagram<\/div><\/div><div style=\"padding: 12.5% 0;\"><\/div> <div style=\"display: flex; flex-direction: row; margin-bottom: 14px; align-items: center;\"><div> <div style=\"background-color: #F4F4F4; border-radius: 50%; height: 12.5px; width: 12.5px; transform: translateX(0px) translateY(7px);\"><\/div> <div style=\"background-color: #F4F4F4; height: 12.5px; transform: rotate(-45deg) translateX(3px) translateY(1px); width: 12.5px; flex-grow: 0; margin-right: 14px; margin-left: 2px;\"><\/div> <div style=\"background-color: #F4F4F4; border-radius: 50%; height: 12.5px; width: 12.5px; transform: translateX(9px) translateY(-18px);\"><\/div><\/div><div style=\"margin-left: 8px;\"> <div style=\" background-color: #F4F4F4; border-radius: 50%; flex-grow: 0; height: 20px; width: 20px;\"><\/div> <div style=\" width: 0; height: 0; border-top: 2px solid transparent; border-left: 6px solid #f4f4f4; border-bottom: 2px solid transparent; transform: translateX(16px) translateY(-4px) rotate(30deg)\"><\/div><\/div><div style=\"margin-left: auto;\"> <div style=\" width: 0px; border-top: 8px solid #F4F4F4; border-right: 8px solid transparent; transform: translateY(16px);\"><\/div> <div style=\" background-color: #F4F4F4; flex-grow: 0; height: 12px; width: 16px; transform: translateY(-4px);\"><\/div> <div style=\" width: 0; height: 0; border-top: 8px solid #F4F4F4; border-left: 8px solid transparent; transform: translateY(-4px) translateX(8px);\"><\/div><\/div><\/div> <div style=\"display: flex; flex-direction: column; flex-grow: 1; justify-content: center; margin-bottom: 24px;\"> <div style=\" background-color: #F4F4F4; border-radius: 4px; flex-grow: 0; height: 14px; margin-bottom: 6px; width: 224px;\"><\/div> <div style=\" background-color: #F4F4F4; border-radius: 4px; flex-grow: 0; height: 14px; width: 144px;\"><\/div><\/div><\/a><p style=\" color:#c9c8cd; font-family:Arial,sans-serif; font-size:14px; line-height:17px; margin-bottom:0; margin-top:8px; overflow:hidden; padding:8px 0 7px; text-align:center; text-overflow:ellipsis; white-space:nowrap;\"><a href=\"https:\/\/www.instagram.com\/reel\/Cw4gERIyMMy\/?utm_source=ig_embed&amp;utm_campaign=loading\" style=\" color:#c9c8cd; font-family:Arial,sans-serif; font-size:14px; font-style:normal; font-weight:normal; line-height:17px; text-decoration:none;\" target=\"_blank\">A post shared by JMJ 2023 Morbihan (@jmj2023morbihan)<\/a><\/p><\/div><\/blockquote><script async src=\"\/\/platform.instagram.com\/en_US\/embeds.js\"><\/script>\n<\/div><\/figure>\n\n\n\n<p class=\"has-text-align-right has-small-font-size\">Montage r\u00e9alis\u00e9 gr\u00e2ce aux images des correspondants sur place : Enzo, Lorena, Didier, Rapha\u00eblle, Esther, Shi-Lane, Cl\u00e9mence<\/p>\n\n\n\n<hr class=\"wp-block-separator has-alpha-channel-opacity\"\/>\n\n\n\n<h3 class=\"wp-block-heading has-ast-global-color-7-color has-text-color\"><strong>La semaine \u00e0 Lisbonne<\/strong><\/h3>\n\n\n\n<p class=\"has-medium-font-size\"><strong>Mardi 1<sup>er<\/sup> ao\u00fbt<\/strong><\/p>\n\n\n\n<p class=\"has-ast-global-color-1-color has-text-color has-medium-font-size\"><strong>Le temps des fran\u00e7ais<\/strong> : L\u00e8ve-toi !<\/p>\n\n\n\n<p>Au Parque Alges pour un temps de f\u00eate, de louange, de pri\u00e8re et de r\u00e9flexion.<\/p>\n\n\n\n<blockquote class=\"wp-block-quote is-layout-flow wp-block-quote-is-layout-flow\">\n<p>\u00ab\u00a0La France a toujours \u00e9t\u00e9 un pays de missionnaires, \u00e0 votre tour d&rsquo;\u00eatre des disciples, \u00e0 votre tour d&rsquo;\u00eatre missionnaires !\u00a0\u00bb<\/p>\n<cite><em>L&rsquo;appel du cardinal Aveline aux 40 000 Fran\u00e7ais pr\u00e9sents lors du temps des fran\u00e7ais, ce mardi 1<sup>er<\/sup> ao\u00fbt<\/em><\/cite><\/blockquote>\n\n\n\n<p><strong>Engagement des fran\u00e7ais <a href=\"https:\/\/eglise.catholique.fr\/jmj-journees-mondiales-jeunesse\/543617-jmj-de-lisbonne-2023-priere-dengagement-des-francais\/\">(\u00e0 retrouver sur le site)<\/a><\/strong><\/p>\n\n\n\n<p>Il a \u00e9t\u00e9 propos\u00e9 aux 40&nbsp;000 jeunes pr\u00e9sents de se lever et de s\u2019engager concr\u00e8tement pour vivre l\u2019\u00e9vangile au c\u0153ur du monde. Une d\u00e9marche proph\u00e9tique et tr\u00e8s suivie. Trois engagements, non exclusifs, ont \u00e9t\u00e9 propos\u00e9s aux jeunes&nbsp;: <mark style=\"background-color:rgba(0, 0, 0, 0)\" class=\"has-inline-color has-ast-global-color-1-color\">se lever pour travailler \u00e0 l\u2019unit\u00e9 de l\u2019\u00e9glise, se lever pour servir les pauvres et les petits, se lever pour annoncer le nom de J\u00e9sus dans le monde<\/mark>. Des dizaines de milliers de jeunes se sont lev\u00e9s. Comme une g\u00e9n\u00e9ration nouvelle qui entend la radicalit\u00e9 de l\u2019\u00e9vangile et souhaite, \u00e0 la suite de la Vierge Marie, se mettre debout pour vivre de la gr\u00e2ce de Dieu et la transmettre.<\/p>\n\n\n\n<p>A trois reprises, les \u00e9v\u00eaques ont b\u00e9ni les jeunes.<\/p>\n\n\n\n<figure class=\"wp-block-gallery has-nested-images columns-default is-cropped wp-block-gallery-2 is-layout-flex wp-block-gallery-is-layout-flex\">\n<figure class=\"wp-block-image size-large\"><a href=\"https:\/\/jmj2023-morbihan.fr\/wp-content\/uploads\/2023\/09\/WhatsApp-Image-2023-08-01-at-12.58.56.jpeg\" target=\"_blank\" rel=\"noopener\"><img loading=\"lazy\" decoding=\"async\" width=\"1024\" height=\"771\" data-id=\"841\" src=\"https:\/\/jmj2023-morbihan.fr\/wp-content\/uploads\/2023\/09\/WhatsApp-Image-2023-08-01-at-12.58.56-1024x771.jpeg\" alt=\"\" class=\"wp-image-841\" srcset=\"https:\/\/jmj2023-morbihan.fr\/wp-content\/uploads\/2023\/09\/WhatsApp-Image-2023-08-01-at-12.58.56-1024x771.jpeg 1024w, https:\/\/jmj2023-morbihan.fr\/wp-content\/uploads\/2023\/09\/WhatsApp-Image-2023-08-01-at-12.58.56-300x226.jpeg 300w, https:\/\/jmj2023-morbihan.fr\/wp-content\/uploads\/2023\/09\/WhatsApp-Image-2023-08-01-at-12.58.56-768x578.jpeg 768w, https:\/\/jmj2023-morbihan.fr\/wp-content\/uploads\/2023\/09\/WhatsApp-Image-2023-08-01-at-12.58.56-1536x1156.jpeg 1536w, https:\/\/jmj2023-morbihan.fr\/wp-content\/uploads\/2023\/09\/WhatsApp-Image-2023-08-01-at-12.58.56.jpeg 1600w\" sizes=\"auto, (max-width: 1024px) 100vw, 1024px\" \/><\/a><\/figure>\n\n\n\n<figure class=\"wp-block-image size-large\"><a href=\"https:\/\/jmj2023-morbihan.fr\/wp-content\/uploads\/2023\/09\/Temps-des-francais-1er-aout-\u00a9Mathilde-Rambaud-Paris-Notre-Dame-9.jpg\" target=\"_blank\" rel=\"noopener\"><img loading=\"lazy\" decoding=\"async\" width=\"1024\" height=\"683\" data-id=\"843\" src=\"https:\/\/jmj2023-morbihan.fr\/wp-content\/uploads\/2023\/09\/Temps-des-francais-1er-aout-\u00a9Mathilde-Rambaud-Paris-Notre-Dame-9-1024x683.jpg\" alt=\"\" class=\"wp-image-843\" srcset=\"https:\/\/jmj2023-morbihan.fr\/wp-content\/uploads\/2023\/09\/Temps-des-francais-1er-aout-\u00a9Mathilde-Rambaud-Paris-Notre-Dame-9-1024x683.jpg 1024w, https:\/\/jmj2023-morbihan.fr\/wp-content\/uploads\/2023\/09\/Temps-des-francais-1er-aout-\u00a9Mathilde-Rambaud-Paris-Notre-Dame-9-300x200.jpg 300w, https:\/\/jmj2023-morbihan.fr\/wp-content\/uploads\/2023\/09\/Temps-des-francais-1er-aout-\u00a9Mathilde-Rambaud-Paris-Notre-Dame-9-768x512.jpg 768w, https:\/\/jmj2023-morbihan.fr\/wp-content\/uploads\/2023\/09\/Temps-des-francais-1er-aout-\u00a9Mathilde-Rambaud-Paris-Notre-Dame-9-1536x1025.jpg 1536w, https:\/\/jmj2023-morbihan.fr\/wp-content\/uploads\/2023\/09\/Temps-des-francais-1er-aout-\u00a9Mathilde-Rambaud-Paris-Notre-Dame-9-2048x1367.jpg 2048w\" sizes=\"auto, (max-width: 1024px) 100vw, 1024px\" \/><\/a><\/figure>\n\n\n\n<figure class=\"wp-block-image size-large\"><a href=\"https:\/\/jmj2023-morbihan.fr\/wp-content\/uploads\/2023\/09\/Temps-des-francais\u00a9-Desarmaux-Sebastien-Godong-13-temps-des-francais-1er-aout.jpeg\" target=\"_blank\" rel=\"noopener\"><img loading=\"lazy\" decoding=\"async\" width=\"1024\" height=\"684\" data-id=\"842\" src=\"https:\/\/jmj2023-morbihan.fr\/wp-content\/uploads\/2023\/09\/Temps-des-francais\u00a9-Desarmaux-Sebastien-Godong-13-temps-des-francais-1er-aout-1024x684.jpeg\" alt=\"\" class=\"wp-image-842\" srcset=\"https:\/\/jmj2023-morbihan.fr\/wp-content\/uploads\/2023\/09\/Temps-des-francais\u00a9-Desarmaux-Sebastien-Godong-13-temps-des-francais-1er-aout-1024x684.jpeg 1024w, https:\/\/jmj2023-morbihan.fr\/wp-content\/uploads\/2023\/09\/Temps-des-francais\u00a9-Desarmaux-Sebastien-Godong-13-temps-des-francais-1er-aout-300x200.jpeg 300w, https:\/\/jmj2023-morbihan.fr\/wp-content\/uploads\/2023\/09\/Temps-des-francais\u00a9-Desarmaux-Sebastien-Godong-13-temps-des-francais-1er-aout-768x513.jpeg 768w, https:\/\/jmj2023-morbihan.fr\/wp-content\/uploads\/2023\/09\/Temps-des-francais\u00a9-Desarmaux-Sebastien-Godong-13-temps-des-francais-1er-aout-1536x1027.jpeg 1536w, https:\/\/jmj2023-morbihan.fr\/wp-content\/uploads\/2023\/09\/Temps-des-francais\u00a9-Desarmaux-Sebastien-Godong-13-temps-des-francais-1er-aout.jpeg 1616w\" sizes=\"auto, (max-width: 1024px) 100vw, 1024px\" \/><\/a><\/figure>\n<\/figure>\n\n\n\n<p>.<\/p>\n\n\n\n<p class=\"has-ast-global-color-1-color has-text-color has-medium-font-size\"><strong>Messe d&rsquo;ouverture<\/strong><\/p>\n\n\n\n<p>A 20h  le cardinal patriarche de Lisbonne, Monseigneur Manuel Clemente, a pr\u00e9sid\u00e9 la messe d&rsquo;ouverture des JMJ&nbsp;: \u00ab&nbsp;Avec Marie, apprenons \u00e0 saluer tout le monde et chacun&nbsp;\u00bb<\/p>\n\n\n\n<figure class=\"wp-block-gallery has-nested-images columns-default is-cropped wp-block-gallery-3 is-layout-flex wp-block-gallery-is-layout-flex\">\n<figure class=\"wp-block-image size-large\"><a href=\"https:\/\/jmj2023-morbihan.fr\/wp-content\/uploads\/2023\/09\/Messe-d-ouverture-\u00a9\ufe0f-Joao-Lopes-Cardoso-JMJ-Lisboa-2023-2-aout-23.jpg\" target=\"_blank\" rel=\"noopener\"><img loading=\"lazy\" decoding=\"async\" width=\"1024\" height=\"683\" data-id=\"844\" src=\"https:\/\/jmj2023-morbihan.fr\/wp-content\/uploads\/2023\/09\/Messe-d-ouverture-\u00a9\ufe0f-Joao-Lopes-Cardoso-JMJ-Lisboa-2023-2-aout-23-1024x683.jpg\" alt=\"\" class=\"wp-image-844\" srcset=\"https:\/\/jmj2023-morbihan.fr\/wp-content\/uploads\/2023\/09\/Messe-d-ouverture-\u00a9\ufe0f-Joao-Lopes-Cardoso-JMJ-Lisboa-2023-2-aout-23-1024x683.jpg 1024w, https:\/\/jmj2023-morbihan.fr\/wp-content\/uploads\/2023\/09\/Messe-d-ouverture-\u00a9\ufe0f-Joao-Lopes-Cardoso-JMJ-Lisboa-2023-2-aout-23-300x200.jpg 300w, https:\/\/jmj2023-morbihan.fr\/wp-content\/uploads\/2023\/09\/Messe-d-ouverture-\u00a9\ufe0f-Joao-Lopes-Cardoso-JMJ-Lisboa-2023-2-aout-23-768x512.jpg 768w, https:\/\/jmj2023-morbihan.fr\/wp-content\/uploads\/2023\/09\/Messe-d-ouverture-\u00a9\ufe0f-Joao-Lopes-Cardoso-JMJ-Lisboa-2023-2-aout-23-1536x1024.jpg 1536w, https:\/\/jmj2023-morbihan.fr\/wp-content\/uploads\/2023\/09\/Messe-d-ouverture-\u00a9\ufe0f-Joao-Lopes-Cardoso-JMJ-Lisboa-2023-2-aout-23.jpg 2048w\" sizes=\"auto, (max-width: 1024px) 100vw, 1024px\" \/><\/a><\/figure>\n\n\n\n<figure class=\"wp-block-image size-large\"><a href=\"https:\/\/jmj2023-morbihan.fr\/wp-content\/uploads\/2023\/09\/Messe-d-ouverture-\u00a9-P.-Ludovic-Evreux-12-scaled.jpeg\" target=\"_blank\" rel=\"noopener\"><img loading=\"lazy\" decoding=\"async\" width=\"1024\" height=\"684\" data-id=\"847\" src=\"https:\/\/jmj2023-morbihan.fr\/wp-content\/uploads\/2023\/09\/Messe-d-ouverture-\u00a9-P.-Ludovic-Evreux-12-1024x684.jpeg\" alt=\"\" class=\"wp-image-847\" srcset=\"https:\/\/jmj2023-morbihan.fr\/wp-content\/uploads\/2023\/09\/Messe-d-ouverture-\u00a9-P.-Ludovic-Evreux-12-1024x684.jpeg 1024w, https:\/\/jmj2023-morbihan.fr\/wp-content\/uploads\/2023\/09\/Messe-d-ouverture-\u00a9-P.-Ludovic-Evreux-12-300x200.jpeg 300w, https:\/\/jmj2023-morbihan.fr\/wp-content\/uploads\/2023\/09\/Messe-d-ouverture-\u00a9-P.-Ludovic-Evreux-12-768x513.jpeg 768w, https:\/\/jmj2023-morbihan.fr\/wp-content\/uploads\/2023\/09\/Messe-d-ouverture-\u00a9-P.-Ludovic-Evreux-12-1536x1025.jpeg 1536w, https:\/\/jmj2023-morbihan.fr\/wp-content\/uploads\/2023\/09\/Messe-d-ouverture-\u00a9-P.-Ludovic-Evreux-12-2048x1367.jpeg 2048w\" sizes=\"auto, (max-width: 1024px) 100vw, 1024px\" \/><\/a><\/figure>\n\n\n\n<figure class=\"wp-block-image size-large\"><a href=\"https:\/\/jmj2023-morbihan.fr\/wp-content\/uploads\/2023\/09\/Messe-d-ouverture-\u00a9\ufe0f-Sebastiao-Roxo-JMJ-Lisboa-2023.jpg\" target=\"_blank\" rel=\"noopener\"><img loading=\"lazy\" decoding=\"async\" width=\"1024\" height=\"684\" data-id=\"845\" src=\"https:\/\/jmj2023-morbihan.fr\/wp-content\/uploads\/2023\/09\/Messe-d-ouverture-\u00a9\ufe0f-Sebastiao-Roxo-JMJ-Lisboa-2023-1024x684.jpg\" alt=\"\" class=\"wp-image-845\" srcset=\"https:\/\/jmj2023-morbihan.fr\/wp-content\/uploads\/2023\/09\/Messe-d-ouverture-\u00a9\ufe0f-Sebastiao-Roxo-JMJ-Lisboa-2023-1024x684.jpg 1024w, https:\/\/jmj2023-morbihan.fr\/wp-content\/uploads\/2023\/09\/Messe-d-ouverture-\u00a9\ufe0f-Sebastiao-Roxo-JMJ-Lisboa-2023-300x200.jpg 300w, https:\/\/jmj2023-morbihan.fr\/wp-content\/uploads\/2023\/09\/Messe-d-ouverture-\u00a9\ufe0f-Sebastiao-Roxo-JMJ-Lisboa-2023-768x513.jpg 768w, https:\/\/jmj2023-morbihan.fr\/wp-content\/uploads\/2023\/09\/Messe-d-ouverture-\u00a9\ufe0f-Sebastiao-Roxo-JMJ-Lisboa-2023-1536x1025.jpg 1536w, https:\/\/jmj2023-morbihan.fr\/wp-content\/uploads\/2023\/09\/Messe-d-ouverture-\u00a9\ufe0f-Sebastiao-Roxo-JMJ-Lisboa-2023.jpg 2048w\" sizes=\"auto, (max-width: 1024px) 100vw, 1024px\" \/><\/a><\/figure>\n<\/figure>\n\n\n\n<p class=\"has-text-align-right has-small-font-size\">Cr\u00e9dit photos \u00a9JMJ Lisboa 2023<\/p>\n\n\n\n<p class=\"has-medium-font-size\"><strong>Mercredi 2 ao\u00fbt<\/strong><\/p>\n\n\n\n<p><strong><mark style=\"background-color:rgba(0, 0, 0, 0)\" class=\"has-inline-color has-ast-global-color-1-color\">Cat\u00e9ch\u00e8se&nbsp;Rise UP<\/mark><\/strong> : avec les dioc\u00e8ses de Strasbourg\u2026 et Munich&nbsp;! (Les Rise Up Meetings ont invit\u00e9 les jeunes, pendant trois jours, \u00e0 r\u00e9fl\u00e9chir sur les grands th\u00e8mes lanc\u00e9s dans le pontificat du pape Fran\u00e7ois : l&rsquo;\u00e9cologie int\u00e9grale, l&rsquo;amiti\u00e9 sociale et la mis\u00e9ricorde.<\/p>\n\n\n\n<figure class=\"wp-block-gallery has-nested-images columns-default is-cropped wp-block-gallery-4 is-layout-flex wp-block-gallery-is-layout-flex\">\n<figure class=\"wp-block-image size-large\"><a href=\"https:\/\/jmj2023-morbihan.fr\/wp-content\/uploads\/2023\/09\/\u00a9Desarmaux-Sebastien-Godong-25-festival-de-la-jeunesse.jpg\" target=\"_blank\" rel=\"noopener\"><img loading=\"lazy\" decoding=\"async\" width=\"1024\" height=\"684\" data-id=\"846\" src=\"https:\/\/jmj2023-morbihan.fr\/wp-content\/uploads\/2023\/09\/\u00a9Desarmaux-Sebastien-Godong-25-festival-de-la-jeunesse-1024x684.jpg\" alt=\"\" class=\"wp-image-846\" srcset=\"https:\/\/jmj2023-morbihan.fr\/wp-content\/uploads\/2023\/09\/\u00a9Desarmaux-Sebastien-Godong-25-festival-de-la-jeunesse-1024x684.jpg 1024w, https:\/\/jmj2023-morbihan.fr\/wp-content\/uploads\/2023\/09\/\u00a9Desarmaux-Sebastien-Godong-25-festival-de-la-jeunesse-300x200.jpg 300w, https:\/\/jmj2023-morbihan.fr\/wp-content\/uploads\/2023\/09\/\u00a9Desarmaux-Sebastien-Godong-25-festival-de-la-jeunesse-768x513.jpg 768w, https:\/\/jmj2023-morbihan.fr\/wp-content\/uploads\/2023\/09\/\u00a9Desarmaux-Sebastien-Godong-25-festival-de-la-jeunesse-1536x1027.jpg 1536w, https:\/\/jmj2023-morbihan.fr\/wp-content\/uploads\/2023\/09\/\u00a9Desarmaux-Sebastien-Godong-25-festival-de-la-jeunesse.jpg 1616w\" sizes=\"auto, (max-width: 1024px) 100vw, 1024px\" \/><\/a><\/figure>\n\n\n\n<figure class=\"wp-block-image size-large\"><a href=\"https:\/\/jmj2023-morbihan.fr\/wp-content\/uploads\/2023\/09\/WhatsApp-Image-2023-08-03-at-12.23.33.jpeg\" target=\"_blank\" rel=\"noopener\"><img loading=\"lazy\" decoding=\"async\" width=\"906\" height=\"1024\" data-id=\"828\" src=\"https:\/\/jmj2023-morbihan.fr\/wp-content\/uploads\/2023\/09\/WhatsApp-Image-2023-08-03-at-12.23.33-906x1024.jpeg\" alt=\"\" class=\"wp-image-828\" srcset=\"https:\/\/jmj2023-morbihan.fr\/wp-content\/uploads\/2023\/09\/WhatsApp-Image-2023-08-03-at-12.23.33-906x1024.jpeg 906w, https:\/\/jmj2023-morbihan.fr\/wp-content\/uploads\/2023\/09\/WhatsApp-Image-2023-08-03-at-12.23.33-266x300.jpeg 266w, https:\/\/jmj2023-morbihan.fr\/wp-content\/uploads\/2023\/09\/WhatsApp-Image-2023-08-03-at-12.23.33-768x868.jpeg 768w, https:\/\/jmj2023-morbihan.fr\/wp-content\/uploads\/2023\/09\/WhatsApp-Image-2023-08-03-at-12.23.33-1359x1536.jpeg 1359w, https:\/\/jmj2023-morbihan.fr\/wp-content\/uploads\/2023\/09\/WhatsApp-Image-2023-08-03-at-12.23.33.jpeg 1416w\" sizes=\"auto, (max-width: 906px) 100vw, 906px\" \/><\/a><\/figure>\n\n\n\n<figure class=\"wp-block-image size-large\"><a href=\"https:\/\/jmj2023-morbihan.fr\/wp-content\/uploads\/2023\/09\/\u00a9P.-Ludovic-Evreux-reliques-ste-therese-1-scaled.jpeg\" target=\"_blank\" rel=\"noopener\"><img loading=\"lazy\" decoding=\"async\" width=\"1024\" height=\"682\" data-id=\"849\" src=\"https:\/\/jmj2023-morbihan.fr\/wp-content\/uploads\/2023\/09\/\u00a9P.-Ludovic-Evreux-reliques-ste-therese-1-1024x682.jpeg\" alt=\"\" class=\"wp-image-849\" srcset=\"https:\/\/jmj2023-morbihan.fr\/wp-content\/uploads\/2023\/09\/\u00a9P.-Ludovic-Evreux-reliques-ste-therese-1-1024x682.jpeg 1024w, https:\/\/jmj2023-morbihan.fr\/wp-content\/uploads\/2023\/09\/\u00a9P.-Ludovic-Evreux-reliques-ste-therese-1-300x200.jpeg 300w, https:\/\/jmj2023-morbihan.fr\/wp-content\/uploads\/2023\/09\/\u00a9P.-Ludovic-Evreux-reliques-ste-therese-1-768x512.jpeg 768w, https:\/\/jmj2023-morbihan.fr\/wp-content\/uploads\/2023\/09\/\u00a9P.-Ludovic-Evreux-reliques-ste-therese-1-1536x1023.jpeg 1536w, https:\/\/jmj2023-morbihan.fr\/wp-content\/uploads\/2023\/09\/\u00a9P.-Ludovic-Evreux-reliques-ste-therese-1-2048x1364.jpeg 2048w\" sizes=\"auto, (max-width: 1024px) 100vw, 1024px\" \/><\/a><\/figure>\n<\/figure>\n\n\n\n<p class=\"has-ast-global-color-1-color has-text-color\"><em><strong>Festival de la jeunesse <\/strong> \u00a9Godong                                                         <strong>  Rise Up   <\/strong>\u00a9ComJMJMorbihan                                 <strong>Reliques de Ste Th\u00e9r\u00e8se<\/strong><\/em> \u00a9P. Ludovic &#8211; Evreux<\/p>\n\n\n\n<p><strong><mark style=\"background-color:rgba(0, 0, 0, 0)\" class=\"has-inline-color has-ast-global-color-1-color\">Cidade da Alegria , la cit\u00e9 de la joie<\/mark><\/strong>, est le nom de l&rsquo;espace qui r\u00e9unissait la Foire des Vocations, o\u00f9 les jeunes p\u00e8lerins pouvaient entrer en contact avec divers mouvements, associations, communaut\u00e9s, ordres religieux et projets sociaux.<\/p>\n\n\n\n<figure class=\"wp-block-gallery has-nested-images columns-default is-cropped wp-block-gallery-5 is-layout-flex wp-block-gallery-is-layout-flex\">\n<figure class=\"wp-block-image size-large\"><a href=\"https:\/\/jmj2023-morbihan.fr\/wp-content\/uploads\/2023\/09\/WhatsApp-Image-2023-08-02-at-22.23.37.jpeg\" target=\"_blank\" rel=\"noopener\"><img loading=\"lazy\" decoding=\"async\" width=\"1024\" height=\"768\" data-id=\"850\" src=\"https:\/\/jmj2023-morbihan.fr\/wp-content\/uploads\/2023\/09\/WhatsApp-Image-2023-08-02-at-22.23.37-1024x768.jpeg\" alt=\"\" class=\"wp-image-850\" srcset=\"https:\/\/jmj2023-morbihan.fr\/wp-content\/uploads\/2023\/09\/WhatsApp-Image-2023-08-02-at-22.23.37-1024x768.jpeg 1024w, https:\/\/jmj2023-morbihan.fr\/wp-content\/uploads\/2023\/09\/WhatsApp-Image-2023-08-02-at-22.23.37-300x225.jpeg 300w, https:\/\/jmj2023-morbihan.fr\/wp-content\/uploads\/2023\/09\/WhatsApp-Image-2023-08-02-at-22.23.37-768x576.jpeg 768w, https:\/\/jmj2023-morbihan.fr\/wp-content\/uploads\/2023\/09\/WhatsApp-Image-2023-08-02-at-22.23.37-1536x1152.jpeg 1536w, https:\/\/jmj2023-morbihan.fr\/wp-content\/uploads\/2023\/09\/WhatsApp-Image-2023-08-02-at-22.23.37.jpeg 1600w\" sizes=\"auto, (max-width: 1024px) 100vw, 1024px\" \/><\/a><\/figure>\n\n\n\n<figure class=\"wp-block-image size-large\"><a href=\"https:\/\/jmj2023-morbihan.fr\/wp-content\/uploads\/2023\/09\/WhatsApp-Image-2023-08-03-at-12.12.27.jpeg\" target=\"_blank\" rel=\"noopener\"><img loading=\"lazy\" decoding=\"async\" width=\"768\" height=\"1024\" data-id=\"851\" src=\"https:\/\/jmj2023-morbihan.fr\/wp-content\/uploads\/2023\/09\/WhatsApp-Image-2023-08-03-at-12.12.27-768x1024.jpeg\" alt=\"\" class=\"wp-image-851\" srcset=\"https:\/\/jmj2023-morbihan.fr\/wp-content\/uploads\/2023\/09\/WhatsApp-Image-2023-08-03-at-12.12.27-768x1024.jpeg 768w, https:\/\/jmj2023-morbihan.fr\/wp-content\/uploads\/2023\/09\/WhatsApp-Image-2023-08-03-at-12.12.27-225x300.jpeg 225w, https:\/\/jmj2023-morbihan.fr\/wp-content\/uploads\/2023\/09\/WhatsApp-Image-2023-08-03-at-12.12.27-1152x1536.jpeg 1152w, https:\/\/jmj2023-morbihan.fr\/wp-content\/uploads\/2023\/09\/WhatsApp-Image-2023-08-03-at-12.12.27.jpeg 1530w\" sizes=\"auto, (max-width: 768px) 100vw, 768px\" \/><\/a><\/figure>\n\n\n\n<figure class=\"wp-block-image size-large\"><a href=\"https:\/\/jmj2023-morbihan.fr\/wp-content\/uploads\/2023\/09\/WhatsApp-Image-2023-08-01-at-23.02.14.jpeg\" target=\"_blank\" rel=\"noopener\"><img loading=\"lazy\" decoding=\"async\" width=\"1024\" height=\"768\" data-id=\"852\" src=\"https:\/\/jmj2023-morbihan.fr\/wp-content\/uploads\/2023\/09\/WhatsApp-Image-2023-08-01-at-23.02.14-1024x768.jpeg\" alt=\"\" class=\"wp-image-852\" srcset=\"https:\/\/jmj2023-morbihan.fr\/wp-content\/uploads\/2023\/09\/WhatsApp-Image-2023-08-01-at-23.02.14-1024x768.jpeg 1024w, https:\/\/jmj2023-morbihan.fr\/wp-content\/uploads\/2023\/09\/WhatsApp-Image-2023-08-01-at-23.02.14-300x225.jpeg 300w, https:\/\/jmj2023-morbihan.fr\/wp-content\/uploads\/2023\/09\/WhatsApp-Image-2023-08-01-at-23.02.14-768x576.jpeg 768w, https:\/\/jmj2023-morbihan.fr\/wp-content\/uploads\/2023\/09\/WhatsApp-Image-2023-08-01-at-23.02.14-1536x1152.jpeg 1536w, https:\/\/jmj2023-morbihan.fr\/wp-content\/uploads\/2023\/09\/WhatsApp-Image-2023-08-01-at-23.02.14.jpeg 1600w\" sizes=\"auto, (max-width: 1024px) 100vw, 1024px\" \/><\/a><\/figure>\n\n\n\n<figure class=\"wp-block-image size-large\"><a href=\"https:\/\/jmj2023-morbihan.fr\/wp-content\/uploads\/2023\/09\/WhatsApp-Image-2023-08-02-at-14.55.26.jpeg\" target=\"_blank\" rel=\"noopener\"><img loading=\"lazy\" decoding=\"async\" width=\"768\" height=\"1024\" data-id=\"854\" src=\"https:\/\/jmj2023-morbihan.fr\/wp-content\/uploads\/2023\/09\/WhatsApp-Image-2023-08-02-at-14.55.26-768x1024.jpeg\" alt=\"\" class=\"wp-image-854\" srcset=\"https:\/\/jmj2023-morbihan.fr\/wp-content\/uploads\/2023\/09\/WhatsApp-Image-2023-08-02-at-14.55.26-768x1024.jpeg 768w, https:\/\/jmj2023-morbihan.fr\/wp-content\/uploads\/2023\/09\/WhatsApp-Image-2023-08-02-at-14.55.26-225x300.jpeg 225w, https:\/\/jmj2023-morbihan.fr\/wp-content\/uploads\/2023\/09\/WhatsApp-Image-2023-08-02-at-14.55.26-1152x1536.jpeg 1152w, https:\/\/jmj2023-morbihan.fr\/wp-content\/uploads\/2023\/09\/WhatsApp-Image-2023-08-02-at-14.55.26.jpeg 1200w\" sizes=\"auto, (max-width: 768px) 100vw, 768px\" \/><\/a><\/figure>\n\n\n\n<figure class=\"wp-block-image size-large\"><a href=\"https:\/\/jmj2023-morbihan.fr\/wp-content\/uploads\/2023\/09\/WhatsApp-Image-2023-08-02-at-14.56.16.jpeg\" target=\"_blank\" rel=\"noopener\"><img loading=\"lazy\" decoding=\"async\" width=\"768\" height=\"1024\" data-id=\"853\" src=\"https:\/\/jmj2023-morbihan.fr\/wp-content\/uploads\/2023\/09\/WhatsApp-Image-2023-08-02-at-14.56.16-768x1024.jpeg\" alt=\"\" class=\"wp-image-853\" srcset=\"https:\/\/jmj2023-morbihan.fr\/wp-content\/uploads\/2023\/09\/WhatsApp-Image-2023-08-02-at-14.56.16-768x1024.jpeg 768w, https:\/\/jmj2023-morbihan.fr\/wp-content\/uploads\/2023\/09\/WhatsApp-Image-2023-08-02-at-14.56.16-225x300.jpeg 225w, https:\/\/jmj2023-morbihan.fr\/wp-content\/uploads\/2023\/09\/WhatsApp-Image-2023-08-02-at-14.56.16-1152x1536.jpeg 1152w, https:\/\/jmj2023-morbihan.fr\/wp-content\/uploads\/2023\/09\/WhatsApp-Image-2023-08-02-at-14.56.16.jpeg 1200w\" sizes=\"auto, (max-width: 768px) 100vw, 768px\" \/><\/a><\/figure>\n<\/figure>\n\n\n\n<p class=\"has-text-align-right has-small-font-size\">Cr\u00e9dit photos \u00a9Sr Agn\u00e8s-Marie<\/p>\n\n\n\n<p class=\"has-ast-global-color-3-color has-text-color has-medium-font-size\"><strong>Jeudi 3 ao\u00fbt<\/strong><\/p>\n\n\n\n<p><strong><mark style=\"background-color:rgba(0, 0, 0, 0)\" class=\"has-inline-color has-ast-global-color-1-color\">Matin\u00e9e Rise Up<\/mark><\/strong> sur le th\u00e8me de l&rsquo;Eglise avec Msg Urbain Ngassongo, \u00e9v\u00eaque de Congo-Brazzaville : \u00ab\u00a0Il Faut manger l&rsquo;\u00e9vangile comme on mange de la baguette\u00a0\u00bb \ud83e\udd56\u2665\ufe0f\ud83d\udcd6<br><br>Puis un temps libre avec la <strong><mark style=\"background-color:rgba(0, 0, 0, 0)\" class=\"has-inline-color has-ast-global-color-1-color\">visite de Lisbonne<\/mark><\/strong> pour certains ou<strong><mark style=\"background-color:rgba(0, 0, 0, 0)\" class=\"has-inline-color has-ast-global-color-1-color\"> accueil du pape.<\/mark><\/strong><\/p>\n\n\n\n<figure class=\"wp-block-gallery has-nested-images columns-default is-cropped wp-block-gallery-6 is-layout-flex wp-block-gallery-is-layout-flex\">\n<figure class=\"wp-block-image size-large\"><a href=\"https:\/\/jmj2023-morbihan.fr\/wp-content\/uploads\/2023\/09\/WhatsApp-Image-2023-08-03-at-12.43.31.jpeg\" target=\"_blank\" rel=\"noopener\"><img loading=\"lazy\" decoding=\"async\" width=\"765\" height=\"1024\" data-id=\"856\" src=\"https:\/\/jmj2023-morbihan.fr\/wp-content\/uploads\/2023\/09\/WhatsApp-Image-2023-08-03-at-12.43.31-765x1024.jpeg\" alt=\"\" class=\"wp-image-856\" srcset=\"https:\/\/jmj2023-morbihan.fr\/wp-content\/uploads\/2023\/09\/WhatsApp-Image-2023-08-03-at-12.43.31-765x1024.jpeg 765w, https:\/\/jmj2023-morbihan.fr\/wp-content\/uploads\/2023\/09\/WhatsApp-Image-2023-08-03-at-12.43.31-224x300.jpeg 224w, https:\/\/jmj2023-morbihan.fr\/wp-content\/uploads\/2023\/09\/WhatsApp-Image-2023-08-03-at-12.43.31-768x1027.jpeg 768w, https:\/\/jmj2023-morbihan.fr\/wp-content\/uploads\/2023\/09\/WhatsApp-Image-2023-08-03-at-12.43.31-1148x1536.jpeg 1148w, https:\/\/jmj2023-morbihan.fr\/wp-content\/uploads\/2023\/09\/WhatsApp-Image-2023-08-03-at-12.43.31.jpeg 1196w\" sizes=\"auto, (max-width: 765px) 100vw, 765px\" \/><\/a><\/figure>\n\n\n\n<figure class=\"wp-block-image size-large\"><a href=\"https:\/\/jmj2023-morbihan.fr\/wp-content\/uploads\/2023\/09\/WhatsApp-Image-2023-08-03-at-19.20.52-1.jpeg\" target=\"_blank\" rel=\"noopener\"><img loading=\"lazy\" decoding=\"async\" width=\"1024\" height=\"768\" data-id=\"858\" src=\"https:\/\/jmj2023-morbihan.fr\/wp-content\/uploads\/2023\/09\/WhatsApp-Image-2023-08-03-at-19.20.52-1-1024x768.jpeg\" alt=\"\" class=\"wp-image-858\" srcset=\"https:\/\/jmj2023-morbihan.fr\/wp-content\/uploads\/2023\/09\/WhatsApp-Image-2023-08-03-at-19.20.52-1-1024x768.jpeg 1024w, https:\/\/jmj2023-morbihan.fr\/wp-content\/uploads\/2023\/09\/WhatsApp-Image-2023-08-03-at-19.20.52-1-300x225.jpeg 300w, https:\/\/jmj2023-morbihan.fr\/wp-content\/uploads\/2023\/09\/WhatsApp-Image-2023-08-03-at-19.20.52-1-768x576.jpeg 768w, https:\/\/jmj2023-morbihan.fr\/wp-content\/uploads\/2023\/09\/WhatsApp-Image-2023-08-03-at-19.20.52-1-1536x1152.jpeg 1536w, https:\/\/jmj2023-morbihan.fr\/wp-content\/uploads\/2023\/09\/WhatsApp-Image-2023-08-03-at-19.20.52-1.jpeg 2000w\" sizes=\"auto, (max-width: 1024px) 100vw, 1024px\" \/><\/a><\/figure>\n\n\n\n<figure class=\"wp-block-image size-large\"><a href=\"https:\/\/jmj2023-morbihan.fr\/wp-content\/uploads\/2023\/09\/WhatsApp-Image-2023-08-04-at-10.42.27.jpeg\" target=\"_blank\" rel=\"noopener\"><img loading=\"lazy\" decoding=\"async\" width=\"1024\" height=\"768\" data-id=\"857\" src=\"https:\/\/jmj2023-morbihan.fr\/wp-content\/uploads\/2023\/09\/WhatsApp-Image-2023-08-04-at-10.42.27-1024x768.jpeg\" alt=\"\" class=\"wp-image-857\" srcset=\"https:\/\/jmj2023-morbihan.fr\/wp-content\/uploads\/2023\/09\/WhatsApp-Image-2023-08-04-at-10.42.27-1024x768.jpeg 1024w, https:\/\/jmj2023-morbihan.fr\/wp-content\/uploads\/2023\/09\/WhatsApp-Image-2023-08-04-at-10.42.27-300x225.jpeg 300w, https:\/\/jmj2023-morbihan.fr\/wp-content\/uploads\/2023\/09\/WhatsApp-Image-2023-08-04-at-10.42.27-768x576.jpeg 768w, https:\/\/jmj2023-morbihan.fr\/wp-content\/uploads\/2023\/09\/WhatsApp-Image-2023-08-04-at-10.42.27-1536x1152.jpeg 1536w, https:\/\/jmj2023-morbihan.fr\/wp-content\/uploads\/2023\/09\/WhatsApp-Image-2023-08-04-at-10.42.27.jpeg 1600w\" sizes=\"auto, (max-width: 1024px) 100vw, 1024px\" \/><\/a><\/figure>\n<\/figure>\n\n\n\n<p class=\"has-text-align-right has-small-font-size\">Cr\u00e9dit photos \u00a9ComJMJMorbihan<\/p>\n\n\n\n<p><strong>Voici un extrait du premier message du Saint-P\u00e8re <\/strong><\/p>\n\n\n\n<blockquote class=\"wp-block-quote is-layout-flow wp-block-quote-is-layout-flow\">\n<p>\u00ab\u00a0Mes amis, je veux \u00eatre clair avec vous&#8230; Dans l&rsquo;Eglise, il y a de la place pour tout le monde, pour TOUT LE MONDE, et personne n&rsquo;est superflu &#8211; pour celui qui fait des erreurs, pour celui qui tombe,&#8230;<br>REPETEZ APR\u00c8S MOI : TOUT LE MONDE !! Pour moi, pour toi&#8230;\u00a0\u00bb<\/p>\n<cite><em>Pape Fran\u00e7ois<\/em><\/cite><\/blockquote>\n\n\n\n<p class=\"has-medium-font-size\"><strong>Vendredi 4 ao\u00fbt<\/strong><\/p>\n\n\n\n<p>Parc du Pardon avec le pape&nbsp;: le Parque do Perd\u00e3o, parc du pardon, &#8211; l&rsquo;espace o\u00f9 les p\u00e8lerins se rendaient capable de rencontrer le Christ Mis\u00e9ricordieux \u00e0 travers le <strong><mark style=\"background-color:rgba(0, 0, 0, 0)\" class=\"has-inline-color has-ast-global-color-1-color\">sacrement de r\u00e9conciliation, et le chemin de croix <\/mark><\/strong>avec le pape. <a href=\"https:\/\/youtu.be\/NmoCG0SemF8\" target=\"_blank\" rel=\"noreferrer noopener\">Voir la rediffusion sur KTO TV<\/a><\/p>\n\n\n\n<blockquote class=\"wp-block-quote is-layout-flow wp-block-quote-is-layout-flow\">\n<p><strong>\u00ab&nbsp;<\/strong>Aujourd&rsquo;hui, nous ferons le chemin avec Lui, le chemin de sa souffrance, le chemin de nos soucis, le chemin de nos solitudes.&nbsp;\u00bb<\/p>\n<cite><em>Pape Fran\u00e7ois<\/em><\/cite><\/blockquote>\n\n\n\n<figure class=\"wp-block-gallery has-nested-images columns-default is-cropped wp-block-gallery-7 is-layout-flex wp-block-gallery-is-layout-flex\">\n<figure class=\"wp-block-image size-large\"><a href=\"https:\/\/jmj2023-morbihan.fr\/wp-content\/uploads\/2023\/09\/Chemin-de-croix-\u00a9JMJ-Lisboa-2023-2.jpg\" target=\"_blank\" rel=\"noopener\"><img loading=\"lazy\" decoding=\"async\" width=\"1024\" height=\"683\" data-id=\"860\" src=\"https:\/\/jmj2023-morbihan.fr\/wp-content\/uploads\/2023\/09\/Chemin-de-croix-\u00a9JMJ-Lisboa-2023-2-1024x683.jpg\" alt=\"\" class=\"wp-image-860\" srcset=\"https:\/\/jmj2023-morbihan.fr\/wp-content\/uploads\/2023\/09\/Chemin-de-croix-\u00a9JMJ-Lisboa-2023-2-1024x683.jpg 1024w, https:\/\/jmj2023-morbihan.fr\/wp-content\/uploads\/2023\/09\/Chemin-de-croix-\u00a9JMJ-Lisboa-2023-2-300x200.jpg 300w, https:\/\/jmj2023-morbihan.fr\/wp-content\/uploads\/2023\/09\/Chemin-de-croix-\u00a9JMJ-Lisboa-2023-2-768x512.jpg 768w, https:\/\/jmj2023-morbihan.fr\/wp-content\/uploads\/2023\/09\/Chemin-de-croix-\u00a9JMJ-Lisboa-2023-2-1536x1024.jpg 1536w, https:\/\/jmj2023-morbihan.fr\/wp-content\/uploads\/2023\/09\/Chemin-de-croix-\u00a9JMJ-Lisboa-2023-2.jpg 2048w\" sizes=\"auto, (max-width: 1024px) 100vw, 1024px\" \/><\/a><\/figure>\n\n\n\n<figure class=\"wp-block-image size-large\"><a href=\"https:\/\/jmj2023-morbihan.fr\/wp-content\/uploads\/2023\/09\/Chemin-de-croix-\u00a9JMJ-Lisboa-2023.jpg\" target=\"_blank\" rel=\"noopener\"><img loading=\"lazy\" decoding=\"async\" width=\"1024\" height=\"683\" data-id=\"862\" src=\"https:\/\/jmj2023-morbihan.fr\/wp-content\/uploads\/2023\/09\/Chemin-de-croix-\u00a9JMJ-Lisboa-2023-1024x683.jpg\" alt=\"\" class=\"wp-image-862\" srcset=\"https:\/\/jmj2023-morbihan.fr\/wp-content\/uploads\/2023\/09\/Chemin-de-croix-\u00a9JMJ-Lisboa-2023-1024x683.jpg 1024w, https:\/\/jmj2023-morbihan.fr\/wp-content\/uploads\/2023\/09\/Chemin-de-croix-\u00a9JMJ-Lisboa-2023-300x200.jpg 300w, https:\/\/jmj2023-morbihan.fr\/wp-content\/uploads\/2023\/09\/Chemin-de-croix-\u00a9JMJ-Lisboa-2023-768x512.jpg 768w, https:\/\/jmj2023-morbihan.fr\/wp-content\/uploads\/2023\/09\/Chemin-de-croix-\u00a9JMJ-Lisboa-2023-1536x1024.jpg 1536w, https:\/\/jmj2023-morbihan.fr\/wp-content\/uploads\/2023\/09\/Chemin-de-croix-\u00a9JMJ-Lisboa-2023.jpg 2047w\" sizes=\"auto, (max-width: 1024px) 100vw, 1024px\" \/><\/a><\/figure>\n\n\n\n<figure class=\"wp-block-image size-large\"><a href=\"https:\/\/jmj2023-morbihan.fr\/wp-content\/uploads\/2023\/09\/Chemin-de-croix-\u00a9JMJ-Lisboa-2023-3.jpg\" target=\"_blank\" rel=\"noopener\"><img loading=\"lazy\" decoding=\"async\" width=\"1024\" height=\"683\" data-id=\"861\" src=\"https:\/\/jmj2023-morbihan.fr\/wp-content\/uploads\/2023\/09\/Chemin-de-croix-\u00a9JMJ-Lisboa-2023-3-1024x683.jpg\" alt=\"\" class=\"wp-image-861\" srcset=\"https:\/\/jmj2023-morbihan.fr\/wp-content\/uploads\/2023\/09\/Chemin-de-croix-\u00a9JMJ-Lisboa-2023-3-1024x683.jpg 1024w, https:\/\/jmj2023-morbihan.fr\/wp-content\/uploads\/2023\/09\/Chemin-de-croix-\u00a9JMJ-Lisboa-2023-3-300x200.jpg 300w, https:\/\/jmj2023-morbihan.fr\/wp-content\/uploads\/2023\/09\/Chemin-de-croix-\u00a9JMJ-Lisboa-2023-3-768x512.jpg 768w, https:\/\/jmj2023-morbihan.fr\/wp-content\/uploads\/2023\/09\/Chemin-de-croix-\u00a9JMJ-Lisboa-2023-3-1536x1024.jpg 1536w, https:\/\/jmj2023-morbihan.fr\/wp-content\/uploads\/2023\/09\/Chemin-de-croix-\u00a9JMJ-Lisboa-2023-3.jpg 2048w\" sizes=\"auto, (max-width: 1024px) 100vw, 1024px\" \/><\/a><\/figure>\n<\/figure>\n\n\n\n<p class=\"has-text-align-right has-small-font-size\">Cr\u00e9dit photos \u00a9JMJ Lisboa 2023<\/p>\n\n\n\n<p class=\"has-medium-font-size\"><strong>Samedi 5 ao\u00fbt<\/strong> <\/p>\n\n\n\n<p><strong><mark style=\"background-color:rgba(0, 0, 0, 0)\" class=\"has-inline-color has-ast-global-color-1-color\">Vigile<\/mark><\/strong> avec le pape Parque Tejo (parc du Tage \u00e0 Alg\u00e8s, ou \u00ab&nbsp;camps de la gr\u00e2ce&nbsp;\u00bb) : veill\u00e9e de pri\u00e8re, adoration. <a href=\"https:\/\/youtu.be\/gac5YMm1kSw\" target=\"_blank\" rel=\"noreferrer noopener\">Voir sur KTO TV<\/a><\/p>\n\n\n\n<blockquote class=\"wp-block-quote is-layout-flow wp-block-quote-is-layout-flow\">\n<p>\u00abSeule une chose est gratuite, l\u2019amour de J\u00e9sus&nbsp;\u00bb \u00ab&nbsp;Le seul moment, le seul moment o\u00f9 il est permis de regarder une personne de haut, c&rsquo;est pour l&rsquo;aider \u00e0 se relever.&nbsp;\u00bb<\/p>\n<cite><em>Pape Fran\u00e7ois<\/em><\/cite><\/blockquote>\n\n\n\n<figure class=\"wp-block-gallery has-nested-images columns-default is-cropped wp-block-gallery-8 is-layout-flex wp-block-gallery-is-layout-flex\">\n<figure class=\"wp-block-image size-large\"><img loading=\"lazy\" decoding=\"async\" width=\"1024\" height=\"684\" data-id=\"863\" src=\"https:\/\/jmj2023-morbihan.fr\/wp-content\/uploads\/2023\/09\/Veille-adoration-\u00a9JMJ-Lisboa-2023-1024x684.jpg\" alt=\"\" class=\"wp-image-863\" srcset=\"https:\/\/jmj2023-morbihan.fr\/wp-content\/uploads\/2023\/09\/Veille-adoration-\u00a9JMJ-Lisboa-2023-1024x684.jpg 1024w, https:\/\/jmj2023-morbihan.fr\/wp-content\/uploads\/2023\/09\/Veille-adoration-\u00a9JMJ-Lisboa-2023-300x200.jpg 300w, https:\/\/jmj2023-morbihan.fr\/wp-content\/uploads\/2023\/09\/Veille-adoration-\u00a9JMJ-Lisboa-2023-768x513.jpg 768w, https:\/\/jmj2023-morbihan.fr\/wp-content\/uploads\/2023\/09\/Veille-adoration-\u00a9JMJ-Lisboa-2023-1536x1025.jpg 1536w, https:\/\/jmj2023-morbihan.fr\/wp-content\/uploads\/2023\/09\/Veille-adoration-\u00a9JMJ-Lisboa-2023.jpg 2048w\" sizes=\"auto, (max-width: 1024px) 100vw, 1024px\" \/><\/figure>\n\n\n\n<figure class=\"wp-block-image size-large\"><img loading=\"lazy\" decoding=\"async\" width=\"765\" height=\"1024\" data-id=\"855\" src=\"https:\/\/jmj2023-morbihan.fr\/wp-content\/uploads\/2023\/09\/WhatsApp-Image-2023-08-06-at-22.12.06-765x1024.jpeg\" alt=\"\" class=\"wp-image-855\" srcset=\"https:\/\/jmj2023-morbihan.fr\/wp-content\/uploads\/2023\/09\/WhatsApp-Image-2023-08-06-at-22.12.06-765x1024.jpeg 765w, https:\/\/jmj2023-morbihan.fr\/wp-content\/uploads\/2023\/09\/WhatsApp-Image-2023-08-06-at-22.12.06-224x300.jpeg 224w, https:\/\/jmj2023-morbihan.fr\/wp-content\/uploads\/2023\/09\/WhatsApp-Image-2023-08-06-at-22.12.06-768x1028.jpeg 768w, https:\/\/jmj2023-morbihan.fr\/wp-content\/uploads\/2023\/09\/WhatsApp-Image-2023-08-06-at-22.12.06.jpeg 956w\" sizes=\"auto, (max-width: 765px) 100vw, 765px\" \/><\/figure>\n\n\n\n<figure class=\"wp-block-image size-large\"><img loading=\"lazy\" decoding=\"async\" width=\"1024\" height=\"768\" data-id=\"865\" src=\"http:\/\/jmj2023-morbihan.fr\/wp-content\/uploads\/2023\/09\/WhatsApp-Image-2023-08-05-at-19.30.56-1024x768.jpeg\" alt=\"\" class=\"wp-image-865\" srcset=\"https:\/\/jmj2023-morbihan.fr\/wp-content\/uploads\/2023\/09\/WhatsApp-Image-2023-08-05-at-19.30.56-1024x768.jpeg 1024w, https:\/\/jmj2023-morbihan.fr\/wp-content\/uploads\/2023\/09\/WhatsApp-Image-2023-08-05-at-19.30.56-300x225.jpeg 300w, https:\/\/jmj2023-morbihan.fr\/wp-content\/uploads\/2023\/09\/WhatsApp-Image-2023-08-05-at-19.30.56-768x576.jpeg 768w, https:\/\/jmj2023-morbihan.fr\/wp-content\/uploads\/2023\/09\/WhatsApp-Image-2023-08-05-at-19.30.56-1536x1152.jpeg 1536w, https:\/\/jmj2023-morbihan.fr\/wp-content\/uploads\/2023\/09\/WhatsApp-Image-2023-08-05-at-19.30.56.jpeg 1600w\" sizes=\"auto, (max-width: 1024px) 100vw, 1024px\" \/><\/figure>\n<\/figure>\n\n\n\n<p class=\"has-small-font-size\">  Veill\u00e9e adoration \u00a9JMJ Lisboa 2023<\/p>\n\n\n\n<p class=\"has-medium-font-size\"><strong>Dimanche 6 ao\u00fbt<\/strong><\/p>\n\n\n\n<p><strong><mark style=\"background-color:rgba(0, 0, 0, 0)\" class=\"has-inline-color has-ast-global-color-1-color\">Messe de cl\u00f4ture<\/mark><\/strong>&nbsp;:<\/p>\n\n\n\n<p>Apr\u00e8s une nuit dans une chambre \u00e0 pusieurs milliers de dormeurs, le r\u00e9veil s&rsquo;est fait en musique \u00e0 6h30 par le DJ Padre Guilherm ! <a href=\"https:\/\/youtu.be\/VNrsrI7UqXU\" target=\"_blank\" rel=\"noreferrer noopener\">Voir le clip vid\u00e9o du 6.08.23 ici<\/a><\/p>\n\n\n\n<blockquote class=\"wp-block-quote is-layout-flow wp-block-quote-is-layout-flow\">\n<p>\u00ab&nbsp;Nous ne devenons pas lumineux lorsque nous affichons une image parfaite, bien ordonn\u00e9e, bien finie, non. Et non plus lorsque nous nous sentons forts et victorieux. Forts et victorieux mais pas lumineux. Nous brillons quand, en accueillant J\u00e9sus, nous apprenons \u00e0 aimer comme Lui.&nbsp;\u00bb <br><br>\u00ab&nbsp;\u00c0 vous, jeunes, dont l\u2019\u00c9glise et le monde ont besoin comme la terre a besoin de pluie ; \u00e0 vous, jeunes, qui \u00eates le pr\u00e9sent et l\u2019avenir ; oui, pr\u00e9cis\u00e9ment \u00e0 vous, jeunes, J\u00e9sus dit aujourd\u2019hui : \u00ab&nbsp;N\u2019ayez pas peur&nbsp;\u00bb.&nbsp;\u00bb <br><br>\u00ab&nbsp;Marie se leva en h\u00e2te&nbsp;: vous aussi, levez-vous vite et engagez-vous&nbsp;\u00bb.<\/p>\n<cite><em>Pape Fran\u00e7ois<\/em><\/cite><\/blockquote>\n\n\n\n<p>Briller, \u00e9couter, ne pas avoir peur : ce sont les ma\u00eetres mots de l&rsquo;hom\u00e9lie du pape Fran\u00e7ois.  <a href=\"https:\/\/www.lisboa2023.org\/pt\/artigo\/homilia-do-papa-na-missa-de-envio\">Hom\u00e9lie \u00e0 retrouver ici<\/a>   <a href=\"https:\/\/youtu.be\/WPm9X2gJjf0\" target=\"_blank\" rel=\"noreferrer noopener\">Revoir la messe sur KTO TV<\/a><\/p>\n\n\n\n<figure class=\"wp-block-gallery has-nested-images columns-default wp-block-gallery-9 is-layout-flex wp-block-gallery-is-layout-flex\">\n<figure class=\"wp-block-image size-large\"><img loading=\"lazy\" decoding=\"async\" width=\"1024\" height=\"684\" data-id=\"866\" src=\"https:\/\/jmj2023-morbihan.fr\/wp-content\/uploads\/2023\/09\/Messe-cloture-\u00a9JMJ-Lisboa-2023-1024x684.jpg\" alt=\"\" class=\"wp-image-866\" srcset=\"https:\/\/jmj2023-morbihan.fr\/wp-content\/uploads\/2023\/09\/Messe-cloture-\u00a9JMJ-Lisboa-2023-1024x684.jpg 1024w, https:\/\/jmj2023-morbihan.fr\/wp-content\/uploads\/2023\/09\/Messe-cloture-\u00a9JMJ-Lisboa-2023-300x200.jpg 300w, https:\/\/jmj2023-morbihan.fr\/wp-content\/uploads\/2023\/09\/Messe-cloture-\u00a9JMJ-Lisboa-2023-768x513.jpg 768w, https:\/\/jmj2023-morbihan.fr\/wp-content\/uploads\/2023\/09\/Messe-cloture-\u00a9JMJ-Lisboa-2023-1536x1025.jpg 1536w, https:\/\/jmj2023-morbihan.fr\/wp-content\/uploads\/2023\/09\/Messe-cloture-\u00a9JMJ-Lisboa-2023.jpg 2048w\" sizes=\"auto, (max-width: 1024px) 100vw, 1024px\" \/><\/figure>\n\n\n\n<figure class=\"wp-block-image size-large\"><img loading=\"lazy\" decoding=\"async\" width=\"1024\" height=\"683\" data-id=\"868\" src=\"https:\/\/jmj2023-morbihan.fr\/wp-content\/uploads\/2023\/09\/Rassemblement-\u00a9JMJ-Lisboa-2023-1024x683.jpg\" alt=\"\" class=\"wp-image-868\" srcset=\"https:\/\/jmj2023-morbihan.fr\/wp-content\/uploads\/2023\/09\/Rassemblement-\u00a9JMJ-Lisboa-2023-1024x683.jpg 1024w, https:\/\/jmj2023-morbihan.fr\/wp-content\/uploads\/2023\/09\/Rassemblement-\u00a9JMJ-Lisboa-2023-300x200.jpg 300w, https:\/\/jmj2023-morbihan.fr\/wp-content\/uploads\/2023\/09\/Rassemblement-\u00a9JMJ-Lisboa-2023-768x512.jpg 768w, https:\/\/jmj2023-morbihan.fr\/wp-content\/uploads\/2023\/09\/Rassemblement-\u00a9JMJ-Lisboa-2023-1536x1024.jpg 1536w, https:\/\/jmj2023-morbihan.fr\/wp-content\/uploads\/2023\/09\/Rassemblement-\u00a9JMJ-Lisboa-2023.jpg 2048w\" sizes=\"auto, (max-width: 1024px) 100vw, 1024px\" \/><\/figure>\n<\/figure>\n\n\n\n<p class=\"has-text-align-right has-small-font-size\">Cr\u00e9dit photos \u00a9JMJ Lisboa 2023<\/p>\n\n\n\n<p style=\"font-size:28px\">Avant de se retrouver \u00e0 S\u00e9oul en 2027, ou \u00e0 Rome pour le jubil\u00e9 des jeunes en 2025, rendez-vous  le 7 octobre, \u00e0 Lorient pour les majeurs, \u00e0 Sainte Anne d&rsquo;Auray pour les mineurs&nbsp;! <\/p>\n","protected":false},"excerpt":{"rendered":"<p>Un million et demi de jeunes du monde entier se sont retrouv\u00e9s \u00e0 Lisbonne pour les JMJ 2023&nbsp;! Avec plus de 40000 fran\u00e7ais, accompagn\u00e9s de 75 \u00e9v\u00eaques, la France \u00e9tait le troisi\u00e8me pays le plus repr\u00e9sent\u00e9, derri\u00e8re l\u2019Espagne et l\u2019Italie. Pour notre dioc\u00e8se, 170 mineurs avec leurs 23 accompagnateurs et 10 pr\u00eatres ont particip\u00e9, ainsi &hellip;<\/p>\n<p class=\"read-more\"> <a class=\"\" href=\"https:\/\/jmj2023-morbihan.fr\/index.php\/2023\/09\/04\/retrospective-des-jmj-nayez-pas-peur\/\"> <span class=\"screen-reader-text\">R\u00e9trospective des JMJ : n&rsquo;ayez pas peur !<\/span> Lire la suite\u00a0\u00bb<\/a><\/p>\n","protected":false},"author":2,"featured_media":868,"comment_status":"closed","ping_status":"closed","sticky":false,"template":"","format":"standard","meta":{"site-sidebar-layout":"default","site-content-layout":"default","ast-global-header-display":"","ast-main-header-display":"","ast-hfb-above-header-display":"","ast-hfb-below-header-display":"","ast-hfb-mobile-header-display":"","site-post-title":"","ast-breadcrumbs-content":"","ast-featured-img":"","footer-sml-layout":"","theme-transparent-header-meta":"","adv-header-id-meta":"","stick-header-meta":"","header-above-stick-meta":"","header-main-stick-meta":"","header-below-stick-meta":"","footnotes":""},"categories":[5],"tags":[],"class_list":["post-789","post","type-post","status-publish","format-standard","has-post-thumbnail","hentry","category-news"],"yoast_head":"<!-- This site is optimized with the Yoast SEO plugin v20.3 - https:\/\/yoast.com\/wordpress\/plugins\/seo\/ -->\n<title>R\u00e9trospective des JMJ : n&#039;ayez pas peur ! - JMJ 2023 LISBONNE : PARS AVEC LE MORBIHAN<\/title>\n<meta name=\"robots\" content=\"index, follow, max-snippet:-1, max-image-preview:large, max-video-preview:-1\" \/>\n<link rel=\"canonical\" href=\"https:\/\/jmj2023-morbihan.fr\/index.php\/2023\/09\/04\/retrospective-des-jmj-nayez-pas-peur\/\" \/>\n<meta property=\"og:locale\" content=\"fr_FR\" \/>\n<meta property=\"og:type\" content=\"article\" \/>\n<meta property=\"og:title\" content=\"R\u00e9trospective des JMJ : n&#039;ayez pas peur ! - JMJ 2023 LISBONNE : PARS AVEC LE MORBIHAN\" \/>\n<meta property=\"og:description\" content=\"Un million et demi de jeunes du monde entier se sont retrouv\u00e9s \u00e0 Lisbonne pour les JMJ 2023&nbsp;! Avec plus de 40000 fran\u00e7ais, accompagn\u00e9s de 75 \u00e9v\u00eaques, la France \u00e9tait le troisi\u00e8me pays le plus repr\u00e9sent\u00e9, derri\u00e8re l\u2019Espagne et l\u2019Italie. Pour notre dioc\u00e8se, 170 mineurs avec leurs 23 accompagnateurs et 10 pr\u00eatres ont particip\u00e9, ainsi &hellip; R\u00e9trospective des JMJ : n&rsquo;ayez pas peur ! Lire la suite\u00a0\u00bb\" \/>\n<meta property=\"og:url\" content=\"https:\/\/jmj2023-morbihan.fr\/index.php\/2023\/09\/04\/retrospective-des-jmj-nayez-pas-peur\/\" \/>\n<meta property=\"og:site_name\" content=\"JMJ 2023 LISBONNE : PARS AVEC LE MORBIHAN\" \/>\n<meta property=\"article:publisher\" content=\"https:\/\/www.facebook.com\/jmj2023morbihan\" \/>\n<meta property=\"article:published_time\" content=\"2023-09-04T20:00:30+00:00\" \/>\n<meta property=\"article:modified_time\" content=\"2023-09-07T13:12:18+00:00\" \/>\n<meta property=\"og:image\" content=\"https:\/\/jmj2023-morbihan.fr\/wp-content\/uploads\/2023\/09\/Rassemblement-\u00a9JMJ-Lisboa-2023.jpg\" \/>\n\t<meta property=\"og:image:width\" content=\"2048\" \/>\n\t<meta property=\"og:image:height\" content=\"1365\" \/>\n\t<meta property=\"og:image:type\" content=\"image\/jpeg\" \/>\n<meta name=\"author\" content=\"\u00c9quipe com&#039; JMJ Morbihan\" \/>\n<meta name=\"twitter:card\" content=\"summary_large_image\" \/>\n<meta name=\"twitter:label1\" content=\"\u00c9crit par\" \/>\n\t<meta name=\"twitter:data1\" content=\"\u00c9quipe com' JMJ Morbihan\" \/>\n\t<meta name=\"twitter:label2\" content=\"Dur\u00e9e de lecture estim\u00e9e\" \/>\n\t<meta name=\"twitter:data2\" content=\"11 minutes\" \/>\n<script type=\"application\/ld+json\" class=\"yoast-schema-graph\">{\"@context\":\"https:\/\/schema.org\",\"@graph\":[{\"@type\":\"Article\",\"@id\":\"https:\/\/jmj2023-morbihan.fr\/index.php\/2023\/09\/04\/retrospective-des-jmj-nayez-pas-peur\/#article\",\"isPartOf\":{\"@id\":\"https:\/\/jmj2023-morbihan.fr\/index.php\/2023\/09\/04\/retrospective-des-jmj-nayez-pas-peur\/\"},\"author\":{\"name\":\"\u00c9quipe com' JMJ Morbihan\",\"@id\":\"https:\/\/jmj2023-morbihan.fr\/#\/schema\/person\/e3c4aa08f56cac91a126a58b8bc667d1\"},\"headline\":\"R\u00e9trospective des JMJ : n&rsquo;ayez pas peur !\",\"datePublished\":\"2023-09-04T20:00:30+00:00\",\"dateModified\":\"2023-09-07T13:12:18+00:00\",\"mainEntityOfPage\":{\"@id\":\"https:\/\/jmj2023-morbihan.fr\/index.php\/2023\/09\/04\/retrospective-des-jmj-nayez-pas-peur\/\"},\"wordCount\":1078,\"publisher\":{\"@id\":\"https:\/\/jmj2023-morbihan.fr\/#organization\"},\"articleSection\":[\"NEWS\"],\"inLanguage\":\"fr-FR\"},{\"@type\":\"WebPage\",\"@id\":\"https:\/\/jmj2023-morbihan.fr\/index.php\/2023\/09\/04\/retrospective-des-jmj-nayez-pas-peur\/\",\"url\":\"https:\/\/jmj2023-morbihan.fr\/index.php\/2023\/09\/04\/retrospective-des-jmj-nayez-pas-peur\/\",\"name\":\"R\u00e9trospective des JMJ : n'ayez pas peur ! - JMJ 2023 LISBONNE : PARS AVEC LE MORBIHAN\",\"isPartOf\":{\"@id\":\"https:\/\/jmj2023-morbihan.fr\/#website\"},\"datePublished\":\"2023-09-04T20:00:30+00:00\",\"dateModified\":\"2023-09-07T13:12:18+00:00\",\"breadcrumb\":{\"@id\":\"https:\/\/jmj2023-morbihan.fr\/index.php\/2023\/09\/04\/retrospective-des-jmj-nayez-pas-peur\/#breadcrumb\"},\"inLanguage\":\"fr-FR\",\"potentialAction\":[{\"@type\":\"ReadAction\",\"target\":[\"https:\/\/jmj2023-morbihan.fr\/index.php\/2023\/09\/04\/retrospective-des-jmj-nayez-pas-peur\/\"]}]},{\"@type\":\"BreadcrumbList\",\"@id\":\"https:\/\/jmj2023-morbihan.fr\/index.php\/2023\/09\/04\/retrospective-des-jmj-nayez-pas-peur\/#breadcrumb\",\"itemListElement\":[{\"@type\":\"ListItem\",\"position\":1,\"name\":\"Accueil\",\"item\":\"https:\/\/jmj2023-morbihan.fr\/\"},{\"@type\":\"ListItem\",\"position\":2,\"name\":\"R\u00e9trospective des JMJ : n&rsquo;ayez pas peur !\"}]},{\"@type\":\"WebSite\",\"@id\":\"https:\/\/jmj2023-morbihan.fr\/#website\",\"url\":\"https:\/\/jmj2023-morbihan.fr\/\",\"name\":\"JMJ 2023 LISBONNE : PARS AVEC LE MORBIHAN\",\"description\":\"Le site des Journ\u00e9es Mondiales de la Jeunesse 2023 pour le dioc\u00e8se de Vannes (Morbihan)\",\"publisher\":{\"@id\":\"https:\/\/jmj2023-morbihan.fr\/#organization\"},\"potentialAction\":[{\"@type\":\"SearchAction\",\"target\":{\"@type\":\"EntryPoint\",\"urlTemplate\":\"https:\/\/jmj2023-morbihan.fr\/?s={search_term_string}\"},\"query-input\":\"required name=search_term_string\"}],\"inLanguage\":\"fr-FR\"},{\"@type\":\"Organization\",\"@id\":\"https:\/\/jmj2023-morbihan.fr\/#organization\",\"name\":\"JMJ 2023 LISBONNE : PARS AVEC LE MORBIHAN\",\"url\":\"https:\/\/jmj2023-morbihan.fr\/\",\"logo\":{\"@type\":\"ImageObject\",\"inLanguage\":\"fr-FR\",\"@id\":\"https:\/\/jmj2023-morbihan.fr\/#\/schema\/logo\/image\/\",\"url\":\"https:\/\/jmj2023-morbihan.fr\/wp-content\/uploads\/2022\/11\/jmj2023-morbihan-lisbonne-logo-rond.png\",\"contentUrl\":\"https:\/\/jmj2023-morbihan.fr\/wp-content\/uploads\/2022\/11\/jmj2023-morbihan-lisbonne-logo-rond.png\",\"width\":200,\"height\":200,\"caption\":\"JMJ 2023 LISBONNE : PARS AVEC LE MORBIHAN\"},\"image\":{\"@id\":\"https:\/\/jmj2023-morbihan.fr\/#\/schema\/logo\/image\/\"},\"sameAs\":[\"https:\/\/www.facebook.com\/jmj2023morbihan\",\"https:\/\/www.instagram.com\/jmj2023morbihan\/\"]},{\"@type\":\"Person\",\"@id\":\"https:\/\/jmj2023-morbihan.fr\/#\/schema\/person\/e3c4aa08f56cac91a126a58b8bc667d1\",\"name\":\"\u00c9quipe com' JMJ Morbihan\",\"image\":{\"@type\":\"ImageObject\",\"inLanguage\":\"fr-FR\",\"@id\":\"https:\/\/jmj2023-morbihan.fr\/#\/schema\/person\/image\/\",\"url\":\"https:\/\/secure.gravatar.com\/avatar\/472dd6a0422fc63441e9279b77ab228870d99ced6aa41d85ac33e9475a065826?s=96&d=mm&r=g\",\"contentUrl\":\"https:\/\/secure.gravatar.com\/avatar\/472dd6a0422fc63441e9279b77ab228870d99ced6aa41d85ac33e9475a065826?s=96&d=mm&r=g\",\"caption\":\"\u00c9quipe com' JMJ Morbihan\"},\"url\":\"https:\/\/jmj2023-morbihan.fr\/index.php\/author\/isabelle-claquin\/\"}]}<\/script>\n<!-- \/ Yoast SEO plugin. -->","yoast_head_json":{"title":"R\u00e9trospective des JMJ : n'ayez pas peur ! - JMJ 2023 LISBONNE : PARS AVEC LE MORBIHAN","robots":{"index":"index","follow":"follow","max-snippet":"max-snippet:-1","max-image-preview":"max-image-preview:large","max-video-preview":"max-video-preview:-1"},"canonical":"https:\/\/jmj2023-morbihan.fr\/index.php\/2023\/09\/04\/retrospective-des-jmj-nayez-pas-peur\/","og_locale":"fr_FR","og_type":"article","og_title":"R\u00e9trospective des JMJ : n'ayez pas peur ! - JMJ 2023 LISBONNE : PARS AVEC LE MORBIHAN","og_description":"Un million et demi de jeunes du monde entier se sont retrouv\u00e9s \u00e0 Lisbonne pour les JMJ 2023&nbsp;! Avec plus de 40000 fran\u00e7ais, accompagn\u00e9s de 75 \u00e9v\u00eaques, la France \u00e9tait le troisi\u00e8me pays le plus repr\u00e9sent\u00e9, derri\u00e8re l\u2019Espagne et l\u2019Italie. Pour notre dioc\u00e8se, 170 mineurs avec leurs 23 accompagnateurs et 10 pr\u00eatres ont particip\u00e9, ainsi &hellip; R\u00e9trospective des JMJ : n&rsquo;ayez pas peur ! Lire la suite\u00a0\u00bb","og_url":"https:\/\/jmj2023-morbihan.fr\/index.php\/2023\/09\/04\/retrospective-des-jmj-nayez-pas-peur\/","og_site_name":"JMJ 2023 LISBONNE : PARS AVEC LE MORBIHAN","article_publisher":"https:\/\/www.facebook.com\/jmj2023morbihan","article_published_time":"2023-09-04T20:00:30+00:00","article_modified_time":"2023-09-07T13:12:18+00:00","og_image":[{"width":2048,"height":1365,"url":"https:\/\/jmj2023-morbihan.fr\/wp-content\/uploads\/2023\/09\/Rassemblement-\u00a9JMJ-Lisboa-2023.jpg","type":"image\/jpeg"}],"author":"\u00c9quipe com' JMJ Morbihan","twitter_card":"summary_large_image","twitter_misc":{"\u00c9crit par":"\u00c9quipe com' JMJ Morbihan","Dur\u00e9e de lecture estim\u00e9e":"11 minutes"},"schema":{"@context":"https:\/\/schema.org","@graph":[{"@type":"Article","@id":"https:\/\/jmj2023-morbihan.fr\/index.php\/2023\/09\/04\/retrospective-des-jmj-nayez-pas-peur\/#article","isPartOf":{"@id":"https:\/\/jmj2023-morbihan.fr\/index.php\/2023\/09\/04\/retrospective-des-jmj-nayez-pas-peur\/"},"author":{"name":"\u00c9quipe com' JMJ Morbihan","@id":"https:\/\/jmj2023-morbihan.fr\/#\/schema\/person\/e3c4aa08f56cac91a126a58b8bc667d1"},"headline":"R\u00e9trospective des JMJ : n&rsquo;ayez pas peur !","datePublished":"2023-09-04T20:00:30+00:00","dateModified":"2023-09-07T13:12:18+00:00","mainEntityOfPage":{"@id":"https:\/\/jmj2023-morbihan.fr\/index.php\/2023\/09\/04\/retrospective-des-jmj-nayez-pas-peur\/"},"wordCount":1078,"publisher":{"@id":"https:\/\/jmj2023-morbihan.fr\/#organization"},"articleSection":["NEWS"],"inLanguage":"fr-FR"},{"@type":"WebPage","@id":"https:\/\/jmj2023-morbihan.fr\/index.php\/2023\/09\/04\/retrospective-des-jmj-nayez-pas-peur\/","url":"https:\/\/jmj2023-morbihan.fr\/index.php\/2023\/09\/04\/retrospective-des-jmj-nayez-pas-peur\/","name":"R\u00e9trospective des JMJ : n'ayez pas peur ! - JMJ 2023 LISBONNE : PARS AVEC LE MORBIHAN","isPartOf":{"@id":"https:\/\/jmj2023-morbihan.fr\/#website"},"datePublished":"2023-09-04T20:00:30+00:00","dateModified":"2023-09-07T13:12:18+00:00","breadcrumb":{"@id":"https:\/\/jmj2023-morbihan.fr\/index.php\/2023\/09\/04\/retrospective-des-jmj-nayez-pas-peur\/#breadcrumb"},"inLanguage":"fr-FR","potentialAction":[{"@type":"ReadAction","target":["https:\/\/jmj2023-morbihan.fr\/index.php\/2023\/09\/04\/retrospective-des-jmj-nayez-pas-peur\/"]}]},{"@type":"BreadcrumbList","@id":"https:\/\/jmj2023-morbihan.fr\/index.php\/2023\/09\/04\/retrospective-des-jmj-nayez-pas-peur\/#breadcrumb","itemListElement":[{"@type":"ListItem","position":1,"name":"Accueil","item":"https:\/\/jmj2023-morbihan.fr\/"},{"@type":"ListItem","position":2,"name":"R\u00e9trospective des JMJ : n&rsquo;ayez pas peur !"}]},{"@type":"WebSite","@id":"https:\/\/jmj2023-morbihan.fr\/#website","url":"https:\/\/jmj2023-morbihan.fr\/","name":"JMJ 2023 LISBONNE : PARS AVEC LE MORBIHAN","description":"Le site des Journ\u00e9es Mondiales de la Jeunesse 2023 pour le dioc\u00e8se de Vannes (Morbihan)","publisher":{"@id":"https:\/\/jmj2023-morbihan.fr\/#organization"},"potentialAction":[{"@type":"SearchAction","target":{"@type":"EntryPoint","urlTemplate":"https:\/\/jmj2023-morbihan.fr\/?s={search_term_string}"},"query-input":"required name=search_term_string"}],"inLanguage":"fr-FR"},{"@type":"Organization","@id":"https:\/\/jmj2023-morbihan.fr\/#organization","name":"JMJ 2023 LISBONNE : PARS AVEC LE MORBIHAN","url":"https:\/\/jmj2023-morbihan.fr\/","logo":{"@type":"ImageObject","inLanguage":"fr-FR","@id":"https:\/\/jmj2023-morbihan.fr\/#\/schema\/logo\/image\/","url":"https:\/\/jmj2023-morbihan.fr\/wp-content\/uploads\/2022\/11\/jmj2023-morbihan-lisbonne-logo-rond.png","contentUrl":"https:\/\/jmj2023-morbihan.fr\/wp-content\/uploads\/2022\/11\/jmj2023-morbihan-lisbonne-logo-rond.png","width":200,"height":200,"caption":"JMJ 2023 LISBONNE : PARS AVEC LE MORBIHAN"},"image":{"@id":"https:\/\/jmj2023-morbihan.fr\/#\/schema\/logo\/image\/"},"sameAs":["https:\/\/www.facebook.com\/jmj2023morbihan","https:\/\/www.instagram.com\/jmj2023morbihan\/"]},{"@type":"Person","@id":"https:\/\/jmj2023-morbihan.fr\/#\/schema\/person\/e3c4aa08f56cac91a126a58b8bc667d1","name":"\u00c9quipe com' JMJ Morbihan","image":{"@type":"ImageObject","inLanguage":"fr-FR","@id":"https:\/\/jmj2023-morbihan.fr\/#\/schema\/person\/image\/","url":"https:\/\/secure.gravatar.com\/avatar\/472dd6a0422fc63441e9279b77ab228870d99ced6aa41d85ac33e9475a065826?s=96&d=mm&r=g","contentUrl":"https:\/\/secure.gravatar.com\/avatar\/472dd6a0422fc63441e9279b77ab228870d99ced6aa41d85ac33e9475a065826?s=96&d=mm&r=g","caption":"\u00c9quipe com' JMJ Morbihan"},"url":"https:\/\/jmj2023-morbihan.fr\/index.php\/author\/isabelle-claquin\/"}]}},"jetpack_featured_media_url":"https:\/\/jmj2023-morbihan.fr\/wp-content\/uploads\/2023\/09\/Rassemblement-\u00a9JMJ-Lisboa-2023.jpg","_links":{"self":[{"href":"https:\/\/jmj2023-morbihan.fr\/index.php\/wp-json\/wp\/v2\/posts\/789","targetHints":{"allow":["GET"]}}],"collection":[{"href":"https:\/\/jmj2023-morbihan.fr\/index.php\/wp-json\/wp\/v2\/posts"}],"about":[{"href":"https:\/\/jmj2023-morbihan.fr\/index.php\/wp-json\/wp\/v2\/types\/post"}],"author":[{"embeddable":true,"href":"https:\/\/jmj2023-morbihan.fr\/index.php\/wp-json\/wp\/v2\/users\/2"}],"replies":[{"embeddable":true,"href":"https:\/\/jmj2023-morbihan.fr\/index.php\/wp-json\/wp\/v2\/comments?post=789"}],"version-history":[{"count":10,"href":"https:\/\/jmj2023-morbihan.fr\/index.php\/wp-json\/wp\/v2\/posts\/789\/revisions"}],"predecessor-version":[{"id":905,"href":"https:\/\/jmj2023-morbihan.fr\/index.php\/wp-json\/wp\/v2\/posts\/789\/revisions\/905"}],"wp:featuredmedia":[{"embeddable":true,"href":"https:\/\/jmj2023-morbihan.fr\/index.php\/wp-json\/wp\/v2\/media\/868"}],"wp:attachment":[{"href":"https:\/\/jmj2023-morbihan.fr\/index.php\/wp-json\/wp\/v2\/media?parent=789"}],"wp:term":[{"taxonomy":"category","embeddable":true,"href":"https:\/\/jmj2023-morbihan.fr\/index.php\/wp-json\/wp\/v2\/categories?post=789"},{"taxonomy":"post_tag","embeddable":true,"href":"https:\/\/jmj2023-morbihan.fr\/index.php\/wp-json\/wp\/v2\/tags?post=789"}],"curies":[{"name":"wp","href":"https:\/\/api.w.org\/{rel}","templated":true}]}}